{"id":893,"date":"2015-04-23T12:43:14","date_gmt":"2015-04-23T11:43:14","guid":{"rendered":"http:\/\/www.cnra.sn\/do\/?p=893"},"modified":"2015-04-23T17:17:32","modified_gmt":"2015-04-23T16:17:32","slug":"installation-et-financement-de-la-technologie","status":"publish","type":"post","link":"https:\/\/www.cnra.sn\/do\/installation-et-financement-de-la-technologie\/","title":{"rendered":"Mise en \u0153uvre de la technologie"},"content":{"rendered":"<p style=\"text-align: justify;\">La Conf\u00e9rence r\u00e9gionale des radiocommunications de l\u2019Union internationale des<br \/>\nT\u00e9l\u00e9communications a adopt\u00e9 le 16 juin 2006 \u00e0 Gen\u00e8ve un Accord r\u00e9gional (GE06) relatif<br \/>\n\u00e0 la planification du service de radiodiffusion num\u00e9rique dans notre espace.<\/p>\n<p style=\"text-align: justify;\">La p\u00e9riode de transition devant conduire \u00e0 la fin de la t\u00e9l\u00e9vision analogique a donc commenc\u00e9 depuis le 17 juin 2006 \u00e0 00H GMT et prendra fin pour la bande UHF (470-862 MHz), le 17 juin 2015 \u00e0 01 heure GMT pour la majorit\u00e9 des Etats Membres.<\/p>\n<h3 style=\"text-align: justify;\"><strong>La strat\u00e9gie de transition s\u2019articule autour d\u2019axes strat\u00e9giques :<\/strong><\/h3>\n<p style=\"text-align: justify;\">\u2022 un contenu audiovisuel de qualit\u00e9, diversifi\u00e9 et adapt\u00e9 aux nouveaux modes d\u2019usages en particulier l\u2019interactivit\u00e9 et la mobilit\u00e9 ;<br \/>\n\u2022 une infrastructure technique de qualit\u00e9, ouverte, partag\u00e9e et \u00e9volutive et une optimisation des ressources radio\u00e9lectriques ;<br \/>\n\u2022 la satisfaction des besoins et attentes des usagers \u00e0 des co\u00fbts accessibles.<\/p>\n<h3 style=\"text-align: justify;\"><strong>Les fondamentaux :<\/strong><\/h3>\n<p style=\"text-align: justify;\">\u2022 l\u2019\u00e9mergence d\u2019un environnement \u00e9conomique viable ;<br \/>\n\u2022 un cadre juridique et institutionnel adapt\u00e9 ;<br \/>\n\u2022 la valorisation du Dividende Num\u00e9rique ;<br \/>\n\u2022 la communication, la formation, l\u2019accompagnement \u00e0 grande \u00e9chelle.<\/p>\n<h3 style=\"text-align: justify;\"><strong>Les actions \u00e0 entreprendre :<br \/>\n<\/strong><\/h3>\n<p>\u2022 la mise \u00e0 niveau et l\u2019harmonisation du cadre juridique r\u00e9gissant les secteurs de l\u2019audiovisuel, des T\u00e9l\u00e9communications et des TIC ;<br \/>\n\u2022 la structuration et d\u00e9veloppement d\u2019une industrie audiovisuelle locale ;<br \/>\n\u2022 la d\u00e9finition des options techniques permettant le d\u00e9veloppement de nouveaux services \u00e0 valeur ajout\u00e9e, notamment mobiles et interactifs ;<br \/>\n\u2022 la mise en place d\u2019une infrastructure partag\u00e9e de transport et diffusion num\u00e9rique destin\u00e9e \u00e0 l\u2019audiovisuel et aux applications num\u00e9riques ;<br \/>\n\u2022 l\u2019accompagnement des consommateurs, dans l\u2019adaptation et l\u2019acquisition du dispositif de r\u00e9ception ;<br \/>\n\u2022 la mise en place d\u2019un plan de communication ;<br \/>\n\u2022 la mise \u00e0 niveau des comp\u00e9tences des acteurs.<\/p>\n<p style=\"text-align: justify;\">La mission confi\u00e9e au Conseil national de R\u00e9gulation de l\u2019Audiovisuel est donc de cr\u00e9er les conditions du processus de transition num\u00e9rique, pour un d\u00e9veloppement harmonieux du secteur de l\u2019audiovisuel et un d\u00e9veloppement culturel de tous les citoyens.<\/p>\n<p style=\"text-align: justify;\">Il est notamment question de la r\u00e9daction des textes juridiques devant r\u00e9gir le paysage audiovisuel, la cr\u00e9ation de l\u2019op\u00e9rateur de diffusion qui consacrera la s\u00e9paration des activit\u00e9s de diffusion des activit\u00e9s d\u2019\u00e9dition de programmes de t\u00e9l\u00e9vision.<\/p>\n<h3 style=\"text-align: justify;\"><strong>Les enjeux strat\u00e9giques sont vari\u00e9s :<\/strong><\/h3>\n<p style=\"text-align: justify;\">\n\u2022 la cr\u00e9ation d\u2019un plus grand nombre et d\u2019une diversit\u00e9 de cha\u00eenes de t\u00e9l\u00e9vision et de radio th\u00e9matiques (\u00e9ducation, sant\u00e9, divertissement \u2026) ;<br \/>\n\u2022 la nette am\u00e9lioration de la qualit\u00e9 technique, du confort d\u2019\u00e9coute et visuel sont<br \/>\n\u00e9galement en jeu ;<br \/>\n\u2022 l\u2019association de donn\u00e9es pouvant servir \u00e0 la protection des \u0153uvres ;<br \/>\n\u2022 la signal\u00e9tique destin\u00e9e \u00e0 la protection des mineurs ;<br \/>\n\u2022 la r\u00e9duction de la fracture num\u00e9rique ;<br \/>\n\u2022 l\u2019acc\u00e8s \u00e0 de nouveaux services de t\u00e9l\u00e9communications (Mobile 4G), gr\u00e2ce au dividende num\u00e9rique ;<br \/>\n\u2022 la facilit\u00e9 d\u2019archivage num\u00e9rique.<\/p>\n<p style=\"text-align: justify;\">(Extraits du rapport de la Commission nationale du num\u00e9rique)<\/p>\n","protected":false},"excerpt":{"rendered":"<p>La Conf\u00e9rence r\u00e9gionale des radiocommunications de l\u2019Union internationale des T\u00e9l\u00e9communications a adopt\u00e9 le 16 juin 2006 \u00e0 Gen\u00e8ve un Accord r\u00e9gional (GE06) relatif \u00e0 la planification du service de radiodiffusion num\u00e9rique dans notre espace. La p\u00e9riode de transition devant conduire \u00e0 la fin de la t\u00e9l\u00e9vision analogique a donc commenc\u00e9 depuis le 17 juin 2006 [&hellip;]<\/p>\n","protected":false},"author":1,"featured_media":0,"comment_status":"closed","ping_status":"closed","sticky":false,"template":"","format":"standard","meta":{"_exactmetrics_skip_tracking":false,"_exactmetrics_sitenote_active":false,"_exactmetrics_sitenote_note":"","_exactmetrics_sitenote_category":0},"categories":[91,84,92],"tags":[],"_links":{"self":[{"href":"https:\/\/www.cnra.sn\/do\/wp-json\/wp\/v2\/posts\/893"}],"collection":[{"href":"https:\/\/www.cnra.sn\/do\/wp-json\/wp\/v2\/posts"}],"about":[{"href":"https:\/\/www.cnra.sn\/do\/wp-json\/wp\/v2\/types\/post"}],"author":[{"embeddable":true,"href":"https:\/\/www.cnra.sn\/do\/wp-json\/wp\/v2\/users\/1"}],"replies":[{"embeddable":true,"href":"https:\/\/www.cnra.sn\/do\/wp-json\/wp\/v2\/comments?post=893"}],"version-history":[{"count":4,"href":"https:\/\/www.cnra.sn\/do\/wp-json\/wp\/v2\/posts\/893\/revisions"}],"predecessor-version":[{"id":923,"href":"https:\/\/www.cnra.sn\/do\/wp-json\/wp\/v2\/posts\/893\/revisions\/923"}],"wp:attachment":[{"href":"https:\/\/www.cnra.sn\/do\/wp-json\/wp\/v2\/media?parent=893"}],"wp:term":[{"taxonomy":"category","embeddable":true,"href":"https:\/\/www.cnra.sn\/do\/wp-json\/wp\/v2\/categories?post=893"},{"taxonomy":"post_tag","embeddable":true,"href":"https:\/\/www.cnra.sn\/do\/wp-json\/wp\/v2\/tags?post=893"}],"curies":[{"name":"wp","href":"https:\/\/api.w.org\/{rel}","templated":true}]}}