{"id":783,"date":"2014-12-24T11:25:08","date_gmt":"2014-12-24T10:25:08","guid":{"rendered":"http:\/\/www.cnra.sn\/do\/?p=783"},"modified":"2021-05-04T15:38:30","modified_gmt":"2021-05-04T14:38:30","slug":"radio-et-television-faits-et-chiffres","status":"publish","type":"post","link":"https:\/\/www.cnra.sn\/do\/radio-et-television-faits-et-chiffres\/","title":{"rendered":"Radio et t\u00e9l\u00e9vision &#8211; Faits et chiffres"},"content":{"rendered":"<h1>Forte p\u00e9n\u00e9tration des images dans les foyers<\/h1>\n<h2>Sondage g\u00e9n\u00e9ral\u00a0 r\u00e9alis\u00e9 en 2013<\/h2>\n<p>Depuis une trentaine d\u2019ann\u00e9es, le paysage m\u00e9diatique s\u00e9n\u00e9galais conna\u00eet une multiplication des supports de communication et d\u2019information. L\u2019offre est plurielle et propose aux consommateurs la possibilit\u00e9 de changer de support \u00e0 tout moment.<\/p>\n<p>L\u2019accomplissement de la mission du CNRA passe donc par une connaissance pointue de l\u2019auditoire et de l\u2019audience de ces canaux de communication.<\/p>\n<p>C\u2019est dans ce contexte que l\u2019institut de sondages BDA a r\u00e9alis\u00e9 pour le CNRA une enqu\u00eate quantitative nationale visant \u00e0 mesurer l\u2019audience des moyens de communication modernes et traditionnels. Il en ressort des enseignements, des \u00e9vidences nouvelles et des confirmations ou infirmations scientifiques de connaissances jusqu&rsquo;ici empiriques.<\/p>\n<h1>Radio et t\u00e9l\u00e9 en t\u00eate dans les habitudes des S\u00e9n\u00e9galais<\/h1>\n<p>L\u2019\u00e9tude r\u00e9v\u00e8le que la radio et la t\u00e9l\u00e9vision arrivent en t\u00eate des habitudes de fr\u00e9quentation m\u00e9dia au S\u00e9n\u00e9gal, avec chacune un taux de p\u00e9n\u00e9tration de 75%.<\/p>\n<p>Elles sont suivies en cela de la presse \u00e9crite et d\u2019Internet qui ont des taux de p\u00e9n\u00e9tration respectifs de 54% et 30%.<\/p>\n<p>La t\u00e9l\u00e9vision<br \/>\nElle a v\u00e9ritablement p\u00e9n\u00e9tr\u00e9 la plupart des foyers au S\u00e9n\u00e9gal. En 2011, 8 m\u00e9nages sur 10 \u00e9taient \u00e9quip\u00e9s d\u2019un t\u00e9l\u00e9viseur, selon l\u2019Agence nationale de la Statistique et de la D\u00e9mographie.<\/p>\n<p>L\u2019\u00e9tude r\u00e9alis\u00e9e, sur les cha\u00eenes de t\u00e9l\u00e9vision non crypt\u00e9es \u00e9mettant au S\u00e9n\u00e9gal, a mis en exergue les positions respectives des quinze cha\u00eenes de t\u00e9l\u00e9vision qui, pour la plupart, ont commenc\u00e9 \u00e0 concurrencer la RTS1 depuis 2002. Quatorze d\u2019entre elles sont d\u2019origine s\u00e9n\u00e9galaise, la quinzi\u00e8me AFRICABLE, bas\u00e9e au Mali, vient compl\u00e9ter le tableau.<\/p>\n<p>Il convient de souligner que, parmi elles, seules RTS1, TFM, 2STV et WALF TV couvrent l\u2019ensemble des 14 r\u00e9gions. On retient, en gros, que le taux de p\u00e9n\u00e9tration global de la t\u00e9l\u00e9vision au S\u00e9n\u00e9gal est de 75% chez les personnes de plus de 18 ans. Cette moyenne nationale est tir\u00e9e vers le bas par le taux d\u2019audience en milieu rural. En effet, ce dernier est de 60%, contre 97% en milieu urbain. Par ailleurs, selon les analyses sociod\u00e9mographiques, il ressort que les jeunes (18-34 ans), les personnes instruites, les fonctionnaires, les \u00e9l\u00e8ves, \u00e9tudiants et les cadres sont les plus enclins \u00e0 regarder la t\u00e9l\u00e9vision. En outre, les heures de grande audience de la t\u00e9l\u00e9vision au niveau national sont les tranches 13H-15H et 19H-23H, quel que soit le jour de la semaine.<br \/>\nCe constat est le m\u00eame ind\u00e9pendamment de la r\u00e9gion, du milieu de r\u00e9sidence, du sexe, du groupe d\u2019\u00e2ge, du niveau d\u2019instruction et de la cat\u00e9gorie socioprofessionnelle.<\/p>\n<h2>L\u2019audience de la t\u00e9l\u00e9vision<\/h2>\n<p>\u2022 Dans trois r\u00e9gions du pays (Dakar, Thi\u00e8s et Diourbel), il appara\u00eet que la t\u00e9l\u00e9vision de service public est tr\u00e8s regard\u00e9e pour le journal t\u00e9l\u00e9vis\u00e9 qu\u2019elle diffuse dans la tranche 20H-21H. En ce qui concerne certaines t\u00e9l\u00e9visions priv\u00e9es les plus regard\u00e9es, elles sont tr\u00e8s suivies sur l\u2019ensemble des autres tranches horaires de la journ\u00e9e et de la soir\u00e9e, sp\u00e9cialement pour les \u00e9missions \u00e0 caract\u00e8re socio-politico-culturel.<\/p>\n<p>\u2022 Les t\u00e9l\u00e9visions priv\u00e9es occupent des places diff\u00e9renci\u00e9es dans les r\u00e9gions.<\/p>\n<p>\u2022 Certaines se sp\u00e9cialisent d\u00e9j\u00e0 sur le cr\u00e9neau des films et, ceci, dans toutes les r\u00e9gions.<\/p>\n<h1>La radio<\/h1>\n<p>\u2022 Pour ce qui est de la radio, on constate que 73 cha\u00eenes, tous types de supports confondus, ont \u00e9t\u00e9 cit\u00e9es comme \u00e9tant \u00e9cout\u00e9es par au moins un S\u00e9n\u00e9galais sur l\u2019ensemble du territoire et dans leurs localit\u00e9s respectives. Seules 3 d\u2019entre elles couvrent l\u2019ensemble du territoire, dont deux cha\u00eenes de service public.<\/p>\n<p>\u2022 On note que 8 cha\u00eenes publiques et priv\u00e9es sont pr\u00e9sentes sur un territoire commun constitu\u00e9 des r\u00e9gions de Dakar, Diourbel, Kaolack, Kaffrine, Matam, Saint-Louis et Thi\u00e8s. Enfin, 57 cha\u00eenes communautaires ou locales ont \u00e9t\u00e9 cit\u00e9es par les sond\u00e9s.<\/p>\n<p>\u2022 La radio est \u00e9cout\u00e9e par pr\u00e8s des trois-quarts des S\u00e9n\u00e9galais. Ce taux est l\u00e9g\u00e8rement plus \u00e9lev\u00e9 en zone urbaine qu\u2019en zone rurale. En outre, toutes les r\u00e9gions ont des taux de p\u00e9n\u00e9tration de la radio sup\u00e9rieurs \u00e0 60%, except\u00e9 S\u00e9dhiou (35%) et Saint-Louis (58%).<\/p>\n<p>\u2022 L\u2019analyse de l\u2019audience horaire de la radio montre que, d\u2019une mani\u00e8re g\u00e9n\u00e9rale, la radio est plus \u00e9cout\u00e9e dans la matin\u00e9e, de 07h \u00e0 14h, et moins \u00e9cout\u00e9e \u00e0 partir de 14h, une tendance due \u00e0 la concurrence de la t\u00e9l\u00e9vision qui a une audience plus \u00e9lev\u00e9e \u00e0 partir de 19h00.<\/p>\n<p>\u2022 On observe, toutefois, une l\u00e9g\u00e8re variation selon les r\u00e9gions, en particulier \u00e0 Diourbel, Kolda, Matam. A Diourbel, plus singuli\u00e8rement, on note deux p\u00e9riodes de grande \u00e9coute : 07h \u00e0 14h et 20h et 23h.<\/p>\n<h1>L\u2019Internet<\/h1>\n<p>Globalement, l\u2019acc\u00e8s \u00e0 Internet au S\u00e9n\u00e9gal reste faible. En effet, seuls 3 individus sur 10 fr\u00e9quentent Internet sur le plan national. Cette moyenne cache des disparit\u00e9s, puisque ce taux est de 37% en zone urbaine et de 24% en zone rurale.<\/p>\n<p>Les internautes s\u00e9n\u00e9galais sont g\u00e9n\u00e9ralement instruits, ils habitent les centres urbains. Ils sont relativement jeunes et exercent des activit\u00e9s intellectuelles. L\u2019analyse selon le genre permet de relever que ce sont les hommes qui acc\u00e8dent le plus \u00e0 l\u2019internet.<\/p>\n","protected":false},"excerpt":{"rendered":"<p>Forte p\u00e9n\u00e9tration des images dans les foyers Sondage g\u00e9n\u00e9ral\u00a0 r\u00e9alis\u00e9 en 2013 Depuis une trentaine d\u2019ann\u00e9es, le paysage m\u00e9diatique s\u00e9n\u00e9galais conna\u00eet une multiplication des supports de communication et d\u2019information. L\u2019offre est plurielle et propose aux consommateurs la possibilit\u00e9 de changer de support \u00e0 tout moment. L\u2019accomplissement de la mission du CNRA passe donc par une [&hellip;]<\/p>\n","protected":false},"author":1,"featured_media":785,"comment_status":"closed","ping_status":"closed","sticky":false,"template":"","format":"standard","meta":{"_exactmetrics_skip_tracking":false,"_exactmetrics_sitenote_active":false,"_exactmetrics_sitenote_note":"","_exactmetrics_sitenote_category":0},"categories":[91,146],"tags":[],"_links":{"self":[{"href":"https:\/\/www.cnra.sn\/do\/wp-json\/wp\/v2\/posts\/783"}],"collection":[{"href":"https:\/\/www.cnra.sn\/do\/wp-json\/wp\/v2\/posts"}],"about":[{"href":"https:\/\/www.cnra.sn\/do\/wp-json\/wp\/v2\/types\/post"}],"author":[{"embeddable":true,"href":"https:\/\/www.cnra.sn\/do\/wp-json\/wp\/v2\/users\/1"}],"replies":[{"embeddable":true,"href":"https:\/\/www.cnra.sn\/do\/wp-json\/wp\/v2\/comments?post=783"}],"version-history":[{"count":2,"href":"https:\/\/www.cnra.sn\/do\/wp-json\/wp\/v2\/posts\/783\/revisions"}],"predecessor-version":[{"id":786,"href":"https:\/\/www.cnra.sn\/do\/wp-json\/wp\/v2\/posts\/783\/revisions\/786"}],"wp:featuredmedia":[{"embeddable":true,"href":"https:\/\/www.cnra.sn\/do\/wp-json\/wp\/v2\/media\/785"}],"wp:attachment":[{"href":"https:\/\/www.cnra.sn\/do\/wp-json\/wp\/v2\/media?parent=783"}],"wp:term":[{"taxonomy":"category","embeddable":true,"href":"https:\/\/www.cnra.sn\/do\/wp-json\/wp\/v2\/categories?post=783"},{"taxonomy":"post_tag","embeddable":true,"href":"https:\/\/www.cnra.sn\/do\/wp-json\/wp\/v2\/tags?post=783"}],"curies":[{"name":"wp","href":"https:\/\/api.w.org\/{rel}","templated":true}]}}