{"id":564,"date":"2013-12-28T19:02:40","date_gmt":"2013-12-28T18:02:40","guid":{"rendered":"http:\/\/www.cnra.sn\/do\/?p=564"},"modified":"2013-12-28T19:11:13","modified_gmt":"2013-12-28T18:11:13","slug":"mise-en-demeure-walfadjri","status":"publish","type":"post","link":"https:\/\/www.cnra.sn\/do\/mise-en-demeure-walfadjri\/","title":{"rendered":"Mise en demeure du groupe Walfadjri"},"content":{"rendered":"<h2><strong>L\u2019Assembl\u00e9e du Conseil national de R\u00e9gulation de l\u2019Audiovisuel,<\/strong><\/h2>\n<p style=\"text-align: justify;\">Consid\u00e9rant qu\u2019il r\u00e9sulte de la bande-annonce de l\u2019\u00e9mission \u00ab Sortie \u00bb, dont la diffusion \u00e9tait initialement pr\u00e9vue le dimanche 29 d\u00e9cembre 2013, que Monsieur Sidy Lamine NIASS,\u00a0 Pr\u00e9sident Directeur G\u00e9n\u00e9ral du groupe Walfadjri,\u00a0 s\u2019attaque \u00e0 l\u2019Institution Pr\u00e9sident de la R\u00e9publique ;<\/p>\n<p style=\"text-align: justify;\">Consid\u00e9rant que cette \u00e9mission qui vient par anticipation d\u2019\u00eatre diffus\u00e9e ce vendredi 27 d\u00e9cembre 2013, dans l\u2019apr\u00e8s-midi, confirme\u00a0 les attaques contre l\u2019Institution;<\/p>\n<p style=\"text-align: justify;\">Consid\u00e9rant que cette \u00e9mission v\u00e9hicule \u00e9galement des propos de nature \u00e0 porter atteinte au respect de l\u2019unit\u00e9 nationale, au caract\u00e8re la\u00efc de la R\u00e9publique et pouvant entrainer ainsi des troubles \u00e0 l\u2019ordre public;<\/p>\n<p style=\"text-align: justify;\">Consid\u00e9rant que de tels propos constituent une violation manifeste des dispositions de la loi n\u00b02006-04 du 04 janvier 2006 portant cr\u00e9ation du Conseil national de R\u00e9gulation de l\u2019Audiovisuel et du cahier des charges applicable aux titulaires d\u2019autorisation de diffusion de programmes de t\u00e9l\u00e9vision priv\u00e9e de droit s\u00e9n\u00e9galais.<\/p>\n<p style=\"text-align: justify;\">Le CNRA, apr\u00e8s en avoir d\u00e9lib\u00e9r\u00e9 en sa s\u00e9ance extraordinaire du 27 d\u00e9cembre 2013,<\/p>\n<p style=\"text-align: justify;\">MET EN DEMEURE :<\/p>\n<p style=\"text-align: justify;\">Walf Tv et Walf Fm d\u2019arr\u00eater imm\u00e9diatement la diffusion de la bande annonce\u00a0 et de ne plus proc\u00e9der \u00e0 la rediffusion des passages incrimin\u00e9s de l\u2019\u00e9mission sous peine de s\u2019exposer aux sanctions pr\u00e9vues \u00e0 l\u2019article 26 de la loi n\u00b02006-04 du 04 janvier 2006 pr\u00e9cit\u00e9e.<\/p>\n<p style=\"text-align: justify;\">La pr\u00e9sente mise en demeure sera enregistr\u00e9e, notifi\u00e9e \u00e0 l\u2019int\u00e9ress\u00e9 et publi\u00e9e partout o\u00f9 besoin sera.<\/p>\n<p style=\"text-align: justify;\"><strong>POUR L\u2019ASSEMBLEE\u00a0 DU\u00a0 CNRA<\/strong><br \/>\n<strong>LE PRESIDENT DE SEANCE<\/strong><\/p>\n<p style=\"text-align: justify;\"><strong>Mouhamed Fadel DIA<\/strong><\/p>\n<p><a href=\"https:\/\/www.cnra.sn\/do\/wp-content\/uploads\/2013\/12\/Mise_En_Demeure_WALF_du_271213.pdf\">T\u00e9l\u00e9charger (PDF)<\/a><\/p>\n","protected":false},"excerpt":{"rendered":"<p>L\u2019Assembl\u00e9e du Conseil national de R\u00e9gulation de l\u2019Audiovisuel, Consid\u00e9rant qu\u2019il r\u00e9sulte de la bande-annonce de l\u2019\u00e9mission \u00ab Sortie \u00bb, dont la diffusion \u00e9tait initialement pr\u00e9vue le dimanche 29 d\u00e9cembre 2013, que Monsieur Sidy Lamine NIASS,\u00a0 Pr\u00e9sident Directeur G\u00e9n\u00e9ral du groupe Walfadjri,\u00a0 s\u2019attaque \u00e0 l\u2019Institution Pr\u00e9sident de la R\u00e9publique ; Consid\u00e9rant que cette \u00e9mission qui vient [&hellip;]<\/p>\n","protected":false},"author":1,"featured_media":0,"comment_status":"closed","ping_status":"closed","sticky":false,"template":"","format":"standard","meta":{"_exactmetrics_skip_tracking":false,"_exactmetrics_sitenote_active":false,"_exactmetrics_sitenote_note":"","_exactmetrics_sitenote_category":0},"categories":[132,78],"tags":[],"_links":{"self":[{"href":"https:\/\/www.cnra.sn\/do\/wp-json\/wp\/v2\/posts\/564"}],"collection":[{"href":"https:\/\/www.cnra.sn\/do\/wp-json\/wp\/v2\/posts"}],"about":[{"href":"https:\/\/www.cnra.sn\/do\/wp-json\/wp\/v2\/types\/post"}],"author":[{"embeddable":true,"href":"https:\/\/www.cnra.sn\/do\/wp-json\/wp\/v2\/users\/1"}],"replies":[{"embeddable":true,"href":"https:\/\/www.cnra.sn\/do\/wp-json\/wp\/v2\/comments?post=564"}],"version-history":[{"count":9,"href":"https:\/\/www.cnra.sn\/do\/wp-json\/wp\/v2\/posts\/564\/revisions"}],"predecessor-version":[{"id":575,"href":"https:\/\/www.cnra.sn\/do\/wp-json\/wp\/v2\/posts\/564\/revisions\/575"}],"wp:attachment":[{"href":"https:\/\/www.cnra.sn\/do\/wp-json\/wp\/v2\/media?parent=564"}],"wp:term":[{"taxonomy":"category","embeddable":true,"href":"https:\/\/www.cnra.sn\/do\/wp-json\/wp\/v2\/categories?post=564"},{"taxonomy":"post_tag","embeddable":true,"href":"https:\/\/www.cnra.sn\/do\/wp-json\/wp\/v2\/tags?post=564"}],"curies":[{"name":"wp","href":"https:\/\/api.w.org\/{rel}","templated":true}]}}