{"id":389,"date":"2013-11-04T19:43:30","date_gmt":"2013-11-04T18:43:30","guid":{"rendered":"http:\/\/www.cnra.sn\/do\/?p=389"},"modified":"2013-11-13T18:32:46","modified_gmt":"2013-11-13T17:32:46","slug":"le-cnra-a-participe-a-la-troisieme-conference-des-presidents-du-refram-a-ndjamena-republique-du-tchad","status":"publish","type":"post","link":"https:\/\/www.cnra.sn\/do\/le-cnra-a-participe-a-la-troisieme-conference-des-presidents-du-refram-a-ndjamena-republique-du-tchad\/","title":{"rendered":"Le R\u00e9seau francophone des r\u00e9gulateurs des m\u00e9dias adopte sa feuille de route 2014-2015 centr\u00e9e sur les m\u00e9dias de service public, la protection des mineurs et le traitement des plaintes."},"content":{"rendered":"<p>La D\u00e9l\u00e9gation du Conseil National de R\u00e9gulation de l\u2019Audiovisuel du S\u00e9n\u00e9gal (CNRA) compos\u00e9e des Conseillers, Matar Sall, Jean Me\u00efssa Diop et de Mame Ndiack Wane, Coordinateur de la Cellule d\u2019appui et de planification, a pris part\u00a0 \u00e0 la Conf\u00e9rence du R\u00e9seau francophone des r\u00e9gulateurs des m\u00e9dias (REFRAM) tenue les 14 et 15 octobre 2013, \u00e0 N\u2019Djamena, capitale du Tchad.<\/p>\n<p>Apr\u00e8s l\u2019ouverture officielle de la Conf\u00e9rence par le Premier ministre du Tchad, M.Djimrangar J. Dadnadji, les participants ont \u00e9chang\u00e9 sur le th\u00e8me \u00ab Quelles gouvernances des instances de r\u00e9gulation des m\u00e9dias face aux d\u00e9fis de la d\u00e9mocratie et de la transition num\u00e9rique ? \u00bb.<\/p>\n<p>Sur la question de la gouvernance \u00e0 l\u2019heure de la convergence num\u00e9rique, le Conseiller Matar Sall du S\u00e9n\u00e9gal et ses coll\u00e8gues estiment qu\u2019il faut\u00a0 cr\u00e9er les conditions d\u2019une transition r\u00e9ussie. Pr\u00e9sentant l\u2019exp\u00e9rience s\u00e9n\u00e9galaise, ils rappellent que \u00ab le gouvernement a mis en place un Comit\u00e9 National pour le passage de l\u2019audiovisuel de l\u2019analogique au Num\u00e9rique (CNN). Ce comit\u00e9, \u00e0 l\u2019issue d\u2019un processus de dimension nationale bas\u00e9 sur une concertation entre les acteurs publics et priv\u00e9s, sous la conduite de l\u2019Etat, a remis le document de strat\u00e9gie de passage de l\u2019analogique au num\u00e9rique \u00bb.<br \/>\nAinsi, il s\u2019agit, apr\u00e8s le basculement au num\u00e9rique, de trouver les m\u00e9thodes et les dispositions pratiques \u00e0 mettre en \u0153uvre pour une r\u00e9gulation objective du nouveau paysage audiovisuel, selon la d\u00e9l\u00e9gation s\u00e9n\u00e9galaise. Face \u00e0 cette situation, il faut requalifier l\u2019action de r\u00e9gulation\u00a0 car\u00a0 la cha\u00eene de valeur audiovisuelle va se redessiner avec notamment la vulgarisation de nouveaux m\u00e9dias et donc de contenus suppl\u00e9mentaires \u00e0 r\u00e9guler.<\/p>\n<p>Face aux d\u00e9rives observables d\u00e9j\u00e0 avec le tout num\u00e9rique, le Cnra a plaid\u00e9 pour la mise en place de politiques de r\u00e9gulation coh\u00e9rente et efficace et aussi une harmonisation des r\u00e8glementations et une v\u00e9ritable collaboration\u00a0 entre les instances. Pour ce faire, il s\u2019agit \u00e9galement d\u2019encourager un ancrage national au niveau des programmes avec une priorit\u00e9 \u00e0 la production nationale \u00e0 un pourcentage fix\u00e9 par les textes l\u00e9gislatifs et r\u00e9glementaires en veillant sur la diversit\u00e9 culturelle et\u00a0 linguistique des programmes. A cet effet, le Cnra a invit\u00e9 ses pairs \u00e0 veiller \u00e0 la protection des droits des personnes, notamment issues des couches \u00ab dites vuln\u00e9rables \u00bb, au respect des institutions de la R\u00e9publique,\u00a0 du pluralisme, de l\u2019enfance ainsi qu\u2019\u00e0 la pr\u00e9servation des m\u0153urs dans les programmes audiovisuels.<\/p>\n<p>Au terme des rencontres de N\u2019Djamena, la feuille de route 2014-2015 du REFRAM a \u00e9t\u00e9 adopt\u00e9e. Trois th\u00e8mes majeurs de coop\u00e9ration ont \u00e9t\u00e9 retenus: les m\u00e9dias de service public, la protection des mineurs et le traitement des plaintes. Poursuivant la dynamique des feuilles de route pr\u00e9c\u00e9dentes, le REFRAM accorde de l\u2019importance aux projets portant sur le pluralisme politique et l\u2019\u00e9galit\u00e9 hommes-femmes dans les m\u00e9dias.<\/p>\n<p>Auparavant, le Secr\u00e9taire g\u00e9n\u00e9ral de la Francophonie, M. Abdou Diouf, a adress\u00e9 un message de soutien au REFRAM &#8211; compos\u00e9 de 29 membres &#8211; et rappel\u00e9 l\u2019engagement pris par les Etats lors du Sommet de la Francophonie \u00e0 Kinshasa (2012) en faveur de \u00abla libert\u00e9 de la presse, qui repose sur la pluralit\u00e9 des m\u00e9dias et la libre communication de l\u2019information, de la pens\u00e9e et des opinions, (et qui) constitue une composante essentielle de la vie d\u00e9mocratique \u00bb.<\/p>\n","protected":false},"excerpt":{"rendered":"<p>La D\u00e9l\u00e9gation du Conseil National de R\u00e9gulation de l\u2019Audiovisuel du S\u00e9n\u00e9gal (CNRA) compos\u00e9e des Conseillers, Matar Sall, Jean Me\u00efssa Diop et de Mame Ndiack Wane, Coordinateur de la Cellule d\u2019appui et de planification, a pris part\u00a0 \u00e0 la Conf\u00e9rence du R\u00e9seau francophone des r\u00e9gulateurs des m\u00e9dias (REFRAM) tenue les 14 et 15 octobre 2013, \u00e0 [&hellip;]<\/p>\n","protected":false},"author":1,"featured_media":394,"comment_status":"closed","ping_status":"closed","sticky":false,"template":"","format":"standard","meta":{"_exactmetrics_skip_tracking":false,"_exactmetrics_sitenote_active":false,"_exactmetrics_sitenote_note":"","_exactmetrics_sitenote_category":0},"categories":[1],"tags":[],"_links":{"self":[{"href":"https:\/\/www.cnra.sn\/do\/wp-json\/wp\/v2\/posts\/389"}],"collection":[{"href":"https:\/\/www.cnra.sn\/do\/wp-json\/wp\/v2\/posts"}],"about":[{"href":"https:\/\/www.cnra.sn\/do\/wp-json\/wp\/v2\/types\/post"}],"author":[{"embeddable":true,"href":"https:\/\/www.cnra.sn\/do\/wp-json\/wp\/v2\/users\/1"}],"replies":[{"embeddable":true,"href":"https:\/\/www.cnra.sn\/do\/wp-json\/wp\/v2\/comments?post=389"}],"version-history":[{"count":6,"href":"https:\/\/www.cnra.sn\/do\/wp-json\/wp\/v2\/posts\/389\/revisions"}],"predecessor-version":[{"id":505,"href":"https:\/\/www.cnra.sn\/do\/wp-json\/wp\/v2\/posts\/389\/revisions\/505"}],"wp:featuredmedia":[{"embeddable":true,"href":"https:\/\/www.cnra.sn\/do\/wp-json\/wp\/v2\/media\/394"}],"wp:attachment":[{"href":"https:\/\/www.cnra.sn\/do\/wp-json\/wp\/v2\/media?parent=389"}],"wp:term":[{"taxonomy":"category","embeddable":true,"href":"https:\/\/www.cnra.sn\/do\/wp-json\/wp\/v2\/categories?post=389"},{"taxonomy":"post_tag","embeddable":true,"href":"https:\/\/www.cnra.sn\/do\/wp-json\/wp\/v2\/tags?post=389"}],"curies":[{"name":"wp","href":"https:\/\/api.w.org\/{rel}","templated":true}]}}