{"id":243,"date":"2013-10-03T11:41:47","date_gmt":"2013-10-03T10:41:47","guid":{"rendered":"http:\/\/www.cnra.sn\/do\/?p=243"},"modified":"2019-01-31T16:42:38","modified_gmt":"2019-01-31T15:42:38","slug":"le-college-2","status":"publish","type":"post","link":"https:\/\/www.cnra.sn\/do\/le-college-2\/","title":{"rendered":"Les Membres du Conseil"},"content":{"rendered":"<div class=\"column one-fourth\"><p><a href=\"https:\/\/www.cnra.sn\/do\/wp-content\/uploads\/2018\/09\/Babacar_Diagne_Photo.png\"><img decoding=\"async\" loading=\"lazy\" class=\"alignnone wp-image-1437\" src=\"https:\/\/www.cnra.sn\/do\/wp-content\/uploads\/2018\/09\/Babacar_Diagne_Photo.png\" alt=\"\" width=\"97\" height=\"112\" \/><\/a><\/p><\/div>\n<div class=\"column three-fourth last\"><h2>Mr Babacar <strong>DIAGNE<\/strong><\/h2>\n<h3>Pr\u00e9sident du CNRA<\/h3>\n<p>Babacar DIAGNE est journaliste de formation, il a \u00e9t\u00e9 dipl\u00f4m\u00e9 de l\u2019Ecole Sup\u00e9rieure de Journalisme de Lille (ESJ, France). Monsieur Diagne a \u00e9t\u00e9 directeur g\u00e9n\u00e9ral de la RTS (Radiodiffusion T\u00e9l\u00e9vision S\u00e9n\u00e9galaise).<\/p>\n<p><strong>En novembre 2012, Monsieur Babacar Diagne a \u00e9t\u00e9 nomm\u00e9 ambassadeur en Gambie puis aux Etats-Unis avant de revenir au S\u00e9n\u00e9gal pour prendre la t\u00eate du CNRA.<\/strong><\/p>\n<div class=\"accordion\"><h5 class=\"handle\">Plus<\/h5><div class=\"acc-content\"><div class=\"acc-inner\"><p>\u2022 DIPL\u00d4MES<\/p>\n<p>1990 &#8211; Stage de formation \u00e0 l&rsquo;Universit\u00e9 du Maine (USA) sur la Gestion et les M\u00e9dias<br \/>\n1986 &#8211; Dipl\u00f4me en R\u00e9alisation \u00e0 la RNTC (Radio Netherlands Training Centre \/ Pays-bas)<br \/>\n1979 &#8211; 1981 &#8211; Dipl\u00f4me Sup\u00e9rieur de Journalisme de Lille en France<br \/>\n1978 &#8211; Dipl\u00f4me Sup\u00e9rieur de P\u00e9dagogie (\u00c9cole Normale Sup\u00e9rieure)<br \/>\n1976 &#8211; Dipl\u00f4me de Licence es-lettres (Universit\u00e9 de Dakar)<br \/>\n1973 &#8211; Baccalaur\u00e9at<\/p>\n<p>\u2022 CARRI\u00c8RE PROFESSIONNELLE<\/p>\n<p>Depuis Septembre 2018 &#8211; Pr\u00e9sident du CNRA (Conseil national de R\u00e9gulation de l\u2019Audiovisuel)<br \/>\nNovembre 2014- avril 2018 &#8211; Ambassadeur de la R\u00e9publique du S\u00e9n\u00e9gal aux Etats-Unis<br \/>\nNovembre 2012 &#8211; octobre 2014 &#8211; Ambassadeur de la R\u00e9publique du S\u00e9n\u00e9gal en Gambie<br \/>\n2006 &#8211; 2012 &#8211; Directeur g\u00e9n\u00e9ral de la RTS (Radiodiffusion T\u00e9l\u00e9vision S\u00e9n\u00e9galaise)<br \/>\n2002 &#8211; 2006 &#8211; Conseiller sp\u00e9cial, responsable de la Communication de la Pr\u00e9sidence de la R\u00e9publique<br \/>\n2000 &#8211; 2002 &#8211; Directeur de la soci\u00e9t\u00e9 de communication \u00able label de L\u2019Ogou\u00e9\u00bb \u00e0 Libreville (Gabon)<br \/>\n1990 &#8211; 2000 &#8211; Directeur de la T\u00e9l\u00e9vision Nationale<br \/>\n1984 &#8211; 1990 &#8211; R\u00e9dacteur en chef du journal t\u00e9l\u00e9vis\u00e9<br \/>\n1981 &#8211; 1984 &#8211; Journaliste et chef de desk<\/p>\n<p>\u2022 FORMATION ET ACTIVITES PROFESSIONNELLES<\/p>\n<p>1990 &#8211; Session de formation \u00e0 l\u2019Universit\u00e9 du Maine (USA) sur gestion et m\u00e9dias<br \/>\nMod\u00e9rateur Ateliers de production en Afrique et \u00e0 l\u2019\u00e9tranger sous les auspices de l&rsquo;URTNA (Union des Organisations Radio et T\u00e9l\u00e9vision d&rsquo;Afrique) et du CIRTEF (Conseil International des T\u00e9l\u00e9visions Francophones)<br \/>\n1989 &#8211; Coordinateur des diff\u00e9rents ateliers de production t\u00e9l\u00e9visuelle (Zimbabwe et Canada)<br \/>\n1988 &#8211; Membre du R\u00e9seau des journalistes contre la s\u00e9cheresse<br \/>\n1984 &#8211; invit\u00e9 sp\u00e9cial des \u00e9lections am\u00e9ricaines<br \/>\n1977-78 &#8211; Professeur d\u2019anglais (lyc\u00e9e Gaston Berger de kaolack &#8211; S\u00e9n\u00e9gal)<\/p><\/div><\/div><\/div><\/div><div class=\"clear\"><\/div>\n<div class=\"hr hr\"><\/div>\n","protected":false},"excerpt":{"rendered":"","protected":false},"author":1,"featured_media":0,"comment_status":"closed","ping_status":"closed","sticky":false,"template":"","format":"standard","meta":{"_exactmetrics_skip_tracking":false,"_exactmetrics_sitenote_active":false,"_exactmetrics_sitenote_note":"","_exactmetrics_sitenote_category":0},"categories":[1],"tags":[],"_links":{"self":[{"href":"https:\/\/www.cnra.sn\/do\/wp-json\/wp\/v2\/posts\/243"}],"collection":[{"href":"https:\/\/www.cnra.sn\/do\/wp-json\/wp\/v2\/posts"}],"about":[{"href":"https:\/\/www.cnra.sn\/do\/wp-json\/wp\/v2\/types\/post"}],"author":[{"embeddable":true,"href":"https:\/\/www.cnra.sn\/do\/wp-json\/wp\/v2\/users\/1"}],"replies":[{"embeddable":true,"href":"https:\/\/www.cnra.sn\/do\/wp-json\/wp\/v2\/comments?post=243"}],"version-history":[{"count":32,"href":"https:\/\/www.cnra.sn\/do\/wp-json\/wp\/v2\/posts\/243\/revisions"}],"predecessor-version":[{"id":1463,"href":"https:\/\/www.cnra.sn\/do\/wp-json\/wp\/v2\/posts\/243\/revisions\/1463"}],"wp:attachment":[{"href":"https:\/\/www.cnra.sn\/do\/wp-json\/wp\/v2\/media?parent=243"}],"wp:term":[{"taxonomy":"category","embeddable":true,"href":"https:\/\/www.cnra.sn\/do\/wp-json\/wp\/v2\/categories?post=243"},{"taxonomy":"post_tag","embeddable":true,"href":"https:\/\/www.cnra.sn\/do\/wp-json\/wp\/v2\/tags?post=243"}],"curies":[{"name":"wp","href":"https:\/\/api.w.org\/{rel}","templated":true}]}}