{"id":2396,"date":"2023-05-02T13:06:28","date_gmt":"2023-05-02T12:06:28","guid":{"rendered":"http:\/\/www.cnra.sn\/do\/?p=2396"},"modified":"2023-05-02T13:06:28","modified_gmt":"2023-05-02T12:06:28","slug":"actualites-refram-interview-de-m-babacar-diagne-president-du-conseil-national-de-regulation-de-laudiovisuel-senegal-vice-president-du-refram","status":"publish","type":"post","link":"https:\/\/www.cnra.sn\/do\/actualites-refram-interview-de-m-babacar-diagne-president-du-conseil-national-de-regulation-de-laudiovisuel-senegal-vice-president-du-refram\/","title":{"rendered":"Actualit\u00e9s REFRAM : Interview De M Babacar Diagne, pr\u00e9sident du Conseil national de r\u00e9gulation de l&rsquo;audiovisuel (S\u00e9n\u00e9gal), vice-pr\u00e9sident du REFRAM"},"content":{"rendered":"<p style=\"text-align: justify;\"><strong>1. En application de l\u2019accord de coop\u00e9ration pass\u00e9 entre le REFRAM et l\u2019ERGA, vous avez particip\u00e9 \u00e0 la r\u00e9union pl\u00e9ni\u00e8re du r\u00e9seau des r\u00e9gulateurs de l\u2019Union europ\u00e9enne le 1er d\u00e9cembre 2022 \u00e0 Bruxelles. Que tirez-vous de cette exp\u00e9rience et de vos \u00e9changes avec les r\u00e9gulateurs et la Commission europ\u00e9enne ?<\/strong><\/p>\n<p style=\"text-align: justify;\">C\u2019est surtout la possibilit\u00e9 pour nous de pouvoir profiter de l\u2019exemple europ\u00e9en consistant \u00e0 la mise en \u0153uvre de nouvelles r\u00e8gles pour les plateformes en ligne, qui est un aboutissement formidable. Les Europ\u00e9ens ont tr\u00e8s bien travaill\u00e9\u2026<\/p>\n<p style=\"text-align: justify;\">Il s\u2019agit maintenant pour nous, avec le concours des plateformes de r\u00e9gulateurs \u00e0 l\u2019instar du REFRAM, de faire b\u00e9n\u00e9ficier \u00e0 l\u2019ensemble des pays francophones du continent africain des grands principes de cet accord.<br \/>\nCe qui est tout \u00e0 fait logique car la probl\u00e9matique de la r\u00e9gulation des services num\u00e9riques ainsi prise en charge par l\u2019Europe, est une question universelle, qui interpelle fortement le monde. Ce qui est valable pour l\u2019europ\u00e9en l\u2019est aussi pour l\u2019africain. Je pense qu\u2019il est possible de travailler \u00ab main dans la main \u00bb avec le REFRAM pour essayer de faire ce que l\u2019ERGA a r\u00e9ussi en Europe.<br \/>\nLe pr\u00e9sident Roch-Olivier Maistre est dans ces dispositions et nous allons y travailler pour que le mod\u00e8le europ\u00e9en fasse \u00ab tache d\u2019huile \u00bb sur le continent africain.<\/p>\n<p><strong>2. Vous avez repr\u00e9sent\u00e9 le REFRAM lors du r\u00e9cent atelier pr\u00e9paratoire de l\u2019OIF en amont de la Conf\u00e9rence mondiale de l\u2019UNESCO sur La r\u00e9gulation des plateformes pour l\u2019information comme bien public, comme lors de celui visant \u00e0 apporter une contribution \u00e0 la consultation de l\u2019ONU sur le Pacte num\u00e9rique mondial. Quelle valeur ajout\u00e9e peuvent apporter la Francophonie et le REFRAM dans ce contexte ?<\/strong><\/p>\n<p style=\"text-align: justify;\">C\u2019\u00e9tait extr\u00eamement int\u00e9ressant. Maintenant, j\u2019avoue que j\u2019ai le souci d\u2019une plus grande pr\u00e9sence francophone. Malgr\u00e9 nos actions de r\u00e9gulation, les contenus diffus\u00e9s par ces plateformes num\u00e9riques sont pour la majorit\u00e9 d\u2019origine anglophone.<\/p>\n<p style=\"text-align: justify;\">Nous devons essayer d\u2019avoir sur ces plateformes plus de productions francophones, marquant r\u00e9ellement une pr\u00e9sence culturelle francophone. Sur cette question essentielle, je pense que les m\u00e9canismes de financement de la cr\u00e9ation ont \u00e9t\u00e9 \u00e7\u00e0 et l\u00e0 d\u00e9mantel\u00e9s, ce qui \u00e0 mon avis n\u2019est pas une bonne chose. Encore une fois, nous devons tr\u00e8s sinc\u00e8rement essayer de travailler pour une plus grande pr\u00e9sence francophone. Il s\u2019agit l\u00e0 de notre contribution en tant que francophone, en tant que REFRAM. D\u2019ailleurs c\u2019est le th\u00e8me que mes coll\u00e8gues qui connaissent mes positions sur le sujet, m\u2019ont propos\u00e9 de d\u00e9velopper dans le cadre de la rencontre internationale sur la question de la r\u00e9gulation des plateformes num\u00e9riques, qui se tiendra tr\u00e8s prochainement au Maroc.<\/p>\n<p style=\"text-align: justify;\">Maintenant, les grandes plateformes am\u00e9ricaines viennent prendre des sujets africains, on l\u2019a vu avec Woman King, avec d\u2019autres cr\u00e9ations, qu\u2019ils traitent avec des \u00ab lunettes \u00bb de leur monde \u00e0 eux. Faut-il rappeler que l\u2019Afrique est un continent jeune au plan de la production audiovisuelle avec encore beaucoup de sujets riches \u00e0 aborder, de th\u00e9matiques culturelles locales \u00e0 valoriser. Il y a encore \u00e0 faire pour nous en tant que francophones, notamment assurer une v\u00e9ritable pr\u00e9sence culturelle africaine \u00e0 l\u2019avantage de notre jeunesse.<\/p>\n<p><strong>3. Dans le cadre de la feuille de route 2022 \u2013 2024 du REFRAM, que pr\u00e9voit le CNRA en 2023 ?<\/strong><\/p>\n<p style=\"text-align: justify;\">Nous pr\u00e9voyons cette grande rencontre avec les plateformes sur le continent Africain. Jusqu\u2019ici nous avons eu \u00e0 rencontrer celles-ci en Europe ou ailleurs, Il est temps que ce Face \u00e0 Face \u00ab Afrique-Plateformes num\u00e9riques \u00bb se fasse, qu\u2019il soit r\u00e9ussi gr\u00e2ce au soutien et \u00e0 l\u2019aide du REFRAM.<\/p>\n<p style=\"text-align: justify;\">Je travaille sur ce projet avec le pr\u00e9sident Roch-Olivier Maistre, nous allons poser les vrais sujets, les v\u00e9ritables pr\u00e9occupations du Continent, nos pr\u00e9occupations en tant que membre du REFRAM pour que nous pussions nous aussi voir nos \u00ab d\u00e9siderata \u00bb pris en charge par ces plateformes.<\/p>\n<p style=\"text-align: justify;\">C\u2019est un \u00e9v\u00e9nement majeur que nous pr\u00e9parons l\u00e0, je pense qu\u2019il se tiendra au d\u00e9but du mois d\u2019octobre 2023.<\/p>\n<p>&nbsp;<\/p>\n<p><strong>Babacar Diagne, pr\u00e9sident du Conseil national de r\u00e9gulation de l&rsquo;audiovisuel (S\u00e9n\u00e9gal), vice-pr\u00e9sident du REFRAM<\/strong><\/p>\n","protected":false},"excerpt":{"rendered":"<p>1. En application de l\u2019accord de coop\u00e9ration pass\u00e9 entre le REFRAM et l\u2019ERGA, vous avez particip\u00e9 \u00e0 la r\u00e9union pl\u00e9ni\u00e8re du r\u00e9seau des r\u00e9gulateurs de l\u2019Union europ\u00e9enne le 1er d\u00e9cembre 2022 \u00e0 Bruxelles. Que tirez-vous de cette exp\u00e9rience et de vos \u00e9changes avec les r\u00e9gulateurs et la Commission europ\u00e9enne ? C\u2019est surtout la possibilit\u00e9 pour [&hellip;]<\/p>\n","protected":false},"author":1,"featured_media":1950,"comment_status":"closed","ping_status":"closed","sticky":false,"template":"","format":"standard","meta":{"_exactmetrics_skip_tracking":false,"_exactmetrics_sitenote_active":false,"_exactmetrics_sitenote_note":"","_exactmetrics_sitenote_category":0},"categories":[166,87,133,163],"tags":[],"_links":{"self":[{"href":"https:\/\/www.cnra.sn\/do\/wp-json\/wp\/v2\/posts\/2396"}],"collection":[{"href":"https:\/\/www.cnra.sn\/do\/wp-json\/wp\/v2\/posts"}],"about":[{"href":"https:\/\/www.cnra.sn\/do\/wp-json\/wp\/v2\/types\/post"}],"author":[{"embeddable":true,"href":"https:\/\/www.cnra.sn\/do\/wp-json\/wp\/v2\/users\/1"}],"replies":[{"embeddable":true,"href":"https:\/\/www.cnra.sn\/do\/wp-json\/wp\/v2\/comments?post=2396"}],"version-history":[{"count":1,"href":"https:\/\/www.cnra.sn\/do\/wp-json\/wp\/v2\/posts\/2396\/revisions"}],"predecessor-version":[{"id":2398,"href":"https:\/\/www.cnra.sn\/do\/wp-json\/wp\/v2\/posts\/2396\/revisions\/2398"}],"wp:featuredmedia":[{"embeddable":true,"href":"https:\/\/www.cnra.sn\/do\/wp-json\/wp\/v2\/media\/1950"}],"wp:attachment":[{"href":"https:\/\/www.cnra.sn\/do\/wp-json\/wp\/v2\/media?parent=2396"}],"wp:term":[{"taxonomy":"category","embeddable":true,"href":"https:\/\/www.cnra.sn\/do\/wp-json\/wp\/v2\/categories?post=2396"},{"taxonomy":"post_tag","embeddable":true,"href":"https:\/\/www.cnra.sn\/do\/wp-json\/wp\/v2\/tags?post=2396"}],"curies":[{"name":"wp","href":"https:\/\/api.w.org\/{rel}","templated":true}]}}