{"id":2353,"date":"2023-02-13T13:44:04","date_gmt":"2023-02-13T12:44:04","guid":{"rendered":"https:\/\/www.cnra.sn\/do\/?p=2353"},"modified":"2023-02-13T15:00:59","modified_gmt":"2023-02-13T14:00:59","slug":"colloque-international-du-reseau-francophone-des-regulateurs-des-medias-refram-sur-le-cadre-juridique-de-la-regulation-des-contenus-en-ligne-organise-par-le-conseil-superieur-de-la-communication","status":"publish","type":"post","link":"https:\/\/www.cnra.sn\/do\/colloque-international-du-reseau-francophone-des-regulateurs-des-medias-refram-sur-le-cadre-juridique-de-la-regulation-des-contenus-en-ligne-organise-par-le-conseil-superieur-de-la-communication\/","title":{"rendered":"Colloque international du R\u00e9seau Francophone des R\u00e9gulateurs des m\u00e9dias (REFRAM) sur le Cadre juridique de la r\u00e9gulation des contenus en ligne organis\u00e9 par le Conseil Sup\u00e9rieur de la Communication"},"content":{"rendered":"<p style=\"text-align: justify;\">Le Pr\u00e9sident de la Plateforme des R\u00e9gulateurs de l\u2019Audiovisuel des pays membres de l\u2019UEMOA et de la Guin\u00e9e (PRA-UEMOA-GUINEE), Vice-Pr\u00e9sident du R\u00e9seau Francophone des R\u00e9gulateurs des m\u00e9dias (REFRAM) et Pr\u00e9sident du Conseil national de R\u00e9gulation de l\u2019Audiovisuel (CNRA) du S\u00e9n\u00e9gal a pr\u00e9sid\u00e9, le lundi 13 f\u00e9vrier 2023, \u00e0 Niamey, la session de cl\u00f4ture du Colloque international du R\u00e9seau Francophone des R\u00e9gulateurs des m\u00e9dias (REFRAM) sur le Cadre juridique de la r\u00e9gulation des contenus en ligne organis\u00e9 par le Conseil Sup\u00e9rieur de la Communication (CSC) du Niger.<\/p>\n<p style=\"text-align: justify;\">Dans son discours, le Pr\u00e9sident de la Plateforme a rendu, au nom de ses coll\u00e8gues, un vibrant hommage au Pr\u00e9sident du Conseil Sup\u00e9rieur de la Communication (CSC) du Niger Dr SANI Kabir qui a organis\u00e9 la premi\u00e8re d\u2019une s\u00e9rie de rencontres qui seront consacr\u00e9es \u00e0 la r\u00e9gulation des Plateformes num\u00e9riques et des contenus en ligne qui constitue un th\u00e8me prioritaire de la feuille de route 2022-2024 du REFRAM mais aussi de \u00a0l\u2019ensemble des organes de r\u00e9gulation, individuellement pris ou dans le cadre des R\u00e9seaux d\u2019instances de r\u00e9gulation.<\/p>\n<p style=\"text-align: justify;\">Il a salu\u00e9 la pr\u00e9sence des Pr\u00e9sidents de quatre (04) R\u00e9seaux importants pour la r\u00e9gulation en Afrique \u00e0 savoir le R\u00e9seau Francophone des R\u00e9gulateurs des M\u00e9dias (REFRAM), le R\u00e9seau des Instances Africaines de R\u00e9gulation de la Communication (RIARC), la Plateforme des R\u00e9gulateurs de l\u2019Audiovisuel des pays membres de l\u2019UEMOA et de la Guin\u00e9e (PRA-UEMOA-GUINEE) et la Plateforme des R\u00e9gulateurs de l\u2019Audiovisuel et de la Communication des Etats de l\u2019Afrique centrale (PRAC-CEEAC).Il a aussi remerci\u00e9 les Pr\u00e9sidents, Chefs de d\u00e9l\u00e9gations et membres des D\u00e9l\u00e9gations, qui ont honor\u00e9 par leur pr\u00e9sence, le Colloque International de Niamey qui s\u2019est tenu les 12 et 13 f\u00e9vrier 2023..<\/p>\n<p style=\"text-align: justify;\">Le Pr\u00e9sident de la Plateforme et Pr\u00e9sident du CNRA qui a \u00e9galement pr\u00e9sid\u00e9 la session relative \u00e0 la mise en place du Comit\u00e9 charg\u00e9 de l\u2019\u00e9laboration des recommandations du Colloque International a appel\u00e9 \u00e0 une mise en \u0153uvre effectives des importantes recommandations adopt\u00e9es par les Participants au Colloque International. Le Comit\u00e9 charg\u00e9 de l\u2019\u00e9laboration des recommandations du Colloque International du REFRAM a \u00e9t\u00e9 pr\u00e9sid\u00e9 par le Directeur de cabinet du Pr\u00e9sident du CNRA.<\/p>\n","protected":false},"excerpt":{"rendered":"<p>Le Pr\u00e9sident de la Plateforme des R\u00e9gulateurs de l\u2019Audiovisuel des pays membres de l\u2019UEMOA et de la Guin\u00e9e (PRA-UEMOA-GUINEE), Vice-Pr\u00e9sident du R\u00e9seau Francophone des R\u00e9gulateurs des m\u00e9dias (REFRAM) et Pr\u00e9sident du Conseil national de R\u00e9gulation de l\u2019Audiovisuel (CNRA) du S\u00e9n\u00e9gal a pr\u00e9sid\u00e9, le lundi 13 f\u00e9vrier 2023, \u00e0 Niamey, la session de cl\u00f4ture du Colloque [&hellip;]<\/p>\n","protected":false},"author":1,"featured_media":2357,"comment_status":"closed","ping_status":"closed","sticky":false,"template":"","format":"standard","meta":{"_exactmetrics_skip_tracking":false,"_exactmetrics_sitenote_active":false,"_exactmetrics_sitenote_note":"","_exactmetrics_sitenote_category":0},"categories":[87,133,163],"tags":[],"_links":{"self":[{"href":"https:\/\/www.cnra.sn\/do\/wp-json\/wp\/v2\/posts\/2353"}],"collection":[{"href":"https:\/\/www.cnra.sn\/do\/wp-json\/wp\/v2\/posts"}],"about":[{"href":"https:\/\/www.cnra.sn\/do\/wp-json\/wp\/v2\/types\/post"}],"author":[{"embeddable":true,"href":"https:\/\/www.cnra.sn\/do\/wp-json\/wp\/v2\/users\/1"}],"replies":[{"embeddable":true,"href":"https:\/\/www.cnra.sn\/do\/wp-json\/wp\/v2\/comments?post=2353"}],"version-history":[{"count":3,"href":"https:\/\/www.cnra.sn\/do\/wp-json\/wp\/v2\/posts\/2353\/revisions"}],"predecessor-version":[{"id":2360,"href":"https:\/\/www.cnra.sn\/do\/wp-json\/wp\/v2\/posts\/2353\/revisions\/2360"}],"wp:featuredmedia":[{"embeddable":true,"href":"https:\/\/www.cnra.sn\/do\/wp-json\/wp\/v2\/media\/2357"}],"wp:attachment":[{"href":"https:\/\/www.cnra.sn\/do\/wp-json\/wp\/v2\/media?parent=2353"}],"wp:term":[{"taxonomy":"category","embeddable":true,"href":"https:\/\/www.cnra.sn\/do\/wp-json\/wp\/v2\/categories?post=2353"},{"taxonomy":"post_tag","embeddable":true,"href":"https:\/\/www.cnra.sn\/do\/wp-json\/wp\/v2\/tags?post=2353"}],"curies":[{"name":"wp","href":"https:\/\/api.w.org\/{rel}","templated":true}]}}