{"id":2348,"date":"2023-02-10T23:23:56","date_gmt":"2023-02-10T22:23:56","guid":{"rendered":"https:\/\/www.cnra.sn\/do\/?p=2348"},"modified":"2023-02-10T23:26:30","modified_gmt":"2023-02-10T22:26:30","slug":"decision-portant-suspension-de-la-diffusion-des-programmes-de-walf-tv","status":"publish","type":"post","link":"https:\/\/www.cnra.sn\/do\/decision-portant-suspension-de-la-diffusion-des-programmes-de-walf-tv\/","title":{"rendered":"D\u00e9cision portant suspension de la diffusion  des programmes de WALF TV"},"content":{"rendered":"<p style=\"text-align: justify;\"><strong>Le Conseil national de R\u00e9gulation de l\u2019Audiovisuel,<\/strong><\/p>\n<ul>\n<li>Vu la Constitution\u00a0;<\/li>\n<li>Vu la loi n\u00b0 2017-27 du 13 juillet 2017 portant Code de la Presse\u00a0;<\/li>\n<li>Vu la loi n\u00b02006-04 du 4 janvier 2006 portant cr\u00e9ation du CNRA\u00a0;<\/li>\n<li>Vu le Cahier des charges applicable aux titulaires d\u2019une autorisation de diffusion de programmes de t\u00e9l\u00e9vision priv\u00e9e\u00a0de droit s\u00e9n\u00e9galais ;<\/li>\n<li>Vu la Convention de Walf TV relative \u00e0 l\u2019exploitation d\u2019un service de t\u00e9l\u00e9vision priv\u00e9e commerciale\u00a0;<\/li>\n<\/ul>\n<p style=\"text-align: center;\"><strong><u>MOTIVATION<\/u><\/strong><\/p>\n<p style=\"text-align: justify;\">Attendu que les m\u00e9dias ont l\u2019obligation de veiller \u00e0 sauvegarder la paix et \u00e0 ne pas diffuser de programmes faisant, notamment, explicitement ou implicitement l\u2019apologie de la violence\u00a0;<\/p>\n<p>Attendu que Walf TV a vers\u00e9, ce 10 f\u00e9vrier 2023, dans une couverture irresponsable des manifestations \u00e0 Mback\u00e9 en diffusant en boucle des images de violences\u00a0exposant des adolescents, accompagn\u00e9es de propos dangereux y compris de la part des reporters, en violation totale de la r\u00e9glementation ;<\/p>\n<p style=\"text-align: justify;\">Attendu qu\u2019aux termes de l\u2019article 19.2 de la Convention de Walf TV : \u00ab (\u2026) en cas de violations graves des lois, r\u00e8glements, Cahiers des charges et Conventions r\u00e9gissant la communication audiovisuelle, constat\u00e9es lors de la diffusion d\u2019un programme, le Pr\u00e9sident de l\u2019Organe de r\u00e9gulation peut, sans pr\u00e9judice des sanctions ci-dessus et sans prononcer une mise en demeure ou un avertissement, prendre l\u2019une des mesures conservatoires suivantes :<\/p>\n<ul>\n<li>l\u2019arr\u00eat imm\u00e9diat de la diffusion de l\u2019\u00e9mission ;<\/li>\n<li>l\u2019interdiction de la rediffusion de l\u2019\u00e9mission ;<\/li>\n<li>la suspension provisoire de l\u2019\u00e9mission (\u2026)\u00a0\u00bb\u00a0;<\/li>\n<\/ul>\n<p style=\"text-align: justify;\">Attendu qu\u2019aux termes de l\u2019article premier de la loi portant cr\u00e9ation du Conseil national de R\u00e9gulation de l\u2019Audiovisuel (CNRA), le CNRA a pour mission essentielle\u00a0: d\u2019assurer le contr\u00f4le de l\u2019application de la\u00a0r\u00e9glementation sur l\u2019audiovisuel\u00a0et de veiller au respect des dispositions de la pr\u00e9sente loi et de celles des cahiers de charges et conventions r\u00e9gissant le secteur\u00a0;<\/p>\n<p><strong>Par ces motifs,<\/strong><\/p>\n<p>Le Conseil national de R\u00e9gulation, apr\u00e8s en avoir d\u00e9lib\u00e9r\u00e9,<\/p>\n<p style=\"text-align: center;\"><strong>DECIDE\u00a0:<\/strong><\/p>\n<p style=\"text-align: justify;\"><strong><u>Article 1<\/u><\/strong> : En application de l\u2019article 26 de la loi n\u00b0 2006-04 du 04 janvier 2006 portant cr\u00e9ation du CNRA et de l\u2019article 210 de la loi n\u00b0 2017-27 du 13 juillet 2017 portant Code de la Presse, la diffusion des programmes de WALF TV est suspendue pour sept (07) jours, durant la p\u00e9riode allant du vendredi 10 f\u00e9vrier 2023 \u00e0 18h 30mn au vendredi 17 f\u00e9vrier 2023 \u00e0 18h 30mn.<\/p>\n<p style=\"text-align: justify;\"><strong><u>Article 2<\/u><\/strong> : WALF TV est tenue de respecter scrupuleusement la pr\u00e9sente d\u00e9cision.<\/p>\n<p style=\"text-align: justify;\"><strong><u>Article 3 :<\/u><\/strong> En cas de r\u00e9cidive, apr\u00e8s la reprise de la diffusion des programmes de Walf TV, la cha\u00eene pourrait voir sa Convention r\u00e9sili\u00e9e d\u00e9finitivement.<\/p>\n<p style=\"text-align: justify;\"><strong><u>Article 4<\/u><\/strong>\u00a0: La Soci\u00e9t\u00e9 de T\u00e9l\u00e9diffusion du S\u00e9n\u00e9gal (TDS SA) et Canal+ S\u00e9n\u00e9gal sont charg\u00e9s de l\u2019application de la pr\u00e9sente d\u00e9cision qui sera notifi\u00e9e au promoteur de WALF TV et publi\u00e9e partout o\u00f9 besoin sera.<\/p>\n<p style=\"text-align: right;\"><strong><u>Pour l\u2019Assembl\u00e9e du CNRA<\/u><\/strong><\/p>\n","protected":false},"excerpt":{"rendered":"<p>Le Conseil national de R\u00e9gulation de l\u2019Audiovisuel, Vu la Constitution\u00a0; Vu la loi n\u00b0 2017-27 du 13 juillet 2017 portant Code de la Presse\u00a0; Vu la loi n\u00b02006-04 du 4 janvier 2006 portant cr\u00e9ation du CNRA\u00a0; Vu le Cahier des charges applicable aux titulaires d\u2019une autorisation de diffusion de programmes de t\u00e9l\u00e9vision priv\u00e9e\u00a0de droit s\u00e9n\u00e9galais [&hellip;]<\/p>\n","protected":false},"author":1,"featured_media":1950,"comment_status":"closed","ping_status":"closed","sticky":false,"template":"","format":"standard","meta":{"_exactmetrics_skip_tracking":false,"_exactmetrics_sitenote_active":false,"_exactmetrics_sitenote_note":"","_exactmetrics_sitenote_category":0},"categories":[166,87,173,133,145,163],"tags":[],"_links":{"self":[{"href":"https:\/\/www.cnra.sn\/do\/wp-json\/wp\/v2\/posts\/2348"}],"collection":[{"href":"https:\/\/www.cnra.sn\/do\/wp-json\/wp\/v2\/posts"}],"about":[{"href":"https:\/\/www.cnra.sn\/do\/wp-json\/wp\/v2\/types\/post"}],"author":[{"embeddable":true,"href":"https:\/\/www.cnra.sn\/do\/wp-json\/wp\/v2\/users\/1"}],"replies":[{"embeddable":true,"href":"https:\/\/www.cnra.sn\/do\/wp-json\/wp\/v2\/comments?post=2348"}],"version-history":[{"count":2,"href":"https:\/\/www.cnra.sn\/do\/wp-json\/wp\/v2\/posts\/2348\/revisions"}],"predecessor-version":[{"id":2352,"href":"https:\/\/www.cnra.sn\/do\/wp-json\/wp\/v2\/posts\/2348\/revisions\/2352"}],"wp:featuredmedia":[{"embeddable":true,"href":"https:\/\/www.cnra.sn\/do\/wp-json\/wp\/v2\/media\/1950"}],"wp:attachment":[{"href":"https:\/\/www.cnra.sn\/do\/wp-json\/wp\/v2\/media?parent=2348"}],"wp:term":[{"taxonomy":"category","embeddable":true,"href":"https:\/\/www.cnra.sn\/do\/wp-json\/wp\/v2\/categories?post=2348"},{"taxonomy":"post_tag","embeddable":true,"href":"https:\/\/www.cnra.sn\/do\/wp-json\/wp\/v2\/tags?post=2348"}],"curies":[{"name":"wp","href":"https:\/\/api.w.org\/{rel}","templated":true}]}}