{"id":2321,"date":"2022-11-10T11:16:35","date_gmt":"2022-11-10T10:16:35","guid":{"rendered":"http:\/\/www.cnra.sn\/do\/?p=2321"},"modified":"2022-11-11T10:35:58","modified_gmt":"2022-11-11T09:35:58","slug":"rapport-sur-la-couverture-mediatique-des-elections-legislatives-du-31-juillet-2022","status":"publish","type":"post","link":"https:\/\/www.cnra.sn\/do\/rapport-sur-la-couverture-mediatique-des-elections-legislatives-du-31-juillet-2022\/","title":{"rendered":"Rapport sur la couverture m\u00e9diatique des \u00e9lections l\u00e9gislatives du 31 juillet 2022"},"content":{"rendered":"<p style=\"text-align: justify;\"><strong>Le mot du Pr\u00e9sident<\/strong><\/p>\n<p style=\"text-align: justify;\">\n\u00a0\u00bb La r\u00e9gulation des m\u00e9dias pendant les p\u00e9riodes \u00e9lectorales est l\u2019une des missions principales du Conseil national de R\u00e9gulation de l\u2019Audiovisuel (CNRA).<\/p>\n<p style=\"text-align: justify;\">Durant ces p\u00e9riodes, le champ de comp\u00e9tences de l\u2019Organe de r\u00e9gulation d\u00e9passe le domaine de l\u2019audiovisuel et s\u2019\u00e9tend \u00e0 toutes les entreprises de presse. C\u2019est pourquoi, en vue des \u00e9lections l\u00e9gislatives du 31 juillet 2022, et conform\u00e9ment \u00e0 son approche inclusive, l\u2019Organe de r\u00e9gulation a effectu\u00e9 une tourn\u00e9e nationale d\u00e8s le mois de mai pour \u00e9changer avec les acteurs des m\u00e9dias sur la couverture de cet \u00e9v\u00e9nement cl\u00e9 de la vie d\u00e9mocratique du pays. Il s\u2019agissait de partager la r\u00e9glementation qui encadre les activit\u00e9s des m\u00e9dias et des professionnels des m\u00e9dias pendant la pr\u00e9campagne, la campagne \u00e9lectorale, le jour du scrutin et la p\u00e9riode post scrutin.<\/p>\n<p style=\"text-align: justify;\">Pour faciliter ces \u00e9changes, le CNRA avait con\u00e7u un guide sur les pratiques et attitudes professionnelles, les sources potentielles d\u2019informations, ainsi que la documentation n\u00e9cessaire.<\/p>\n<p style=\"text-align: justify;\">Ce guide, intitul\u00e9 Br\u00e9viaire du Reporter, avait, dans sa conception, enregistr\u00e9 les contributions remarquables du Centre d\u2019Etudes des Sciences et Techniques de l\u2019Information (CESTI), du Conseil pour l\u2019Observation des R\u00e8gles d\u2019Ethique et de D\u00e9ontologie dans les m\u00e9dias (CORED), de la Convention des Jeunes Reporters du S\u00e9n\u00e9gal (CJRS) et de la Commission Electorale Nationale Autonome (CENA).<br \/>\nIl faut croire que cette initiative du CNRA, en perspective de la tenue des \u00e9lections l\u00e9gislatives du 31 juillet 2022, a eu un impact positif car la couverture m\u00e9diatique desdites \u00e9lections a \u00e9t\u00e9 tr\u00e8s peu critiqu\u00e9e.<\/p>\n<p style=\"text-align: justify;\">A cet \u00e9gard, le CNRA remercie particuli\u00e8rement la Convention des Jeunes Reporters du S\u00e9n\u00e9gal pour son esprit d\u2019ouverture et sa participation active \u00e0 la tourn\u00e9e nationale. Nos remerciements vont \u00e9galement \u00e0 tous nos partenaires dont le Minist\u00e8re de la Culture et de la Communication, le Minist\u00e8re de l\u2019Int\u00e9rieur, la CENA, le CORED, le CESTI, l\u2019Organisation Internationale de la Francophonie (OIF), et tous les professionnels des m\u00e9dias. Ces partenaires ont jou\u00e9 un r\u00f4le d\u00e9terminant dans le d\u00e9roulement de la campagne \u00e9lectorale et la tenue apais\u00e9e du scrutin&#8230;.\u00a0\u00bb<\/p>\n<p style=\"text-align: justify;\">Retrouver la suite dans le rapport.<\/p>\n<div class='w3eden'><!-- WPDM Link Template: Default Template -->\n\n<div class=\"link-template-default card mb-2\">\n    <div class=\"card-body\">\n        <div class=\"media\">\n            <div class=\"mr-3 img-48\"><img class=\"wpdm_icon\" alt=\"Ic\u00f4ne\" src=\"https:\/\/www.cnra.sn\/do\/wp-content\/plugins\/download-manager\/assets\/file-type-icons\/pdf.svg\" \/><\/div>\n            <div class=\"media-body\">\n                <h3 class=\"package-title\"><a href='https:\/\/www.cnra.sn\/do\/download\/rapport-sur-la-couverture-mediatique-des-elections-legislatives-du-31-juillet-2022\/'>Rapport sur la couverture m\u00e9diatique des \u00e9lections l\u00e9gislatives du 31 juillet 2022<\/a><\/h3>\n                <div class=\"text-muted text-small\"><i class=\"fas fa-copy\"><\/i> 1 fichier\u00b7s <i class=\"fas fa-hdd ml-3\"><\/i> 19.99 MB<\/div>\n            <\/div>\n            <div class=\"ml-3\">\n                <a class='wpdm-download-link download-on-click btn btn-primary ' rel='nofollow' href='#' data-downloadurl=\"https:\/\/www.cnra.sn\/do\/download\/rapport-sur-la-couverture-mediatique-des-elections-legislatives-du-31-juillet-2022\/?wpdmdl=2318&refresh=69f1ab60259541777445728\">T\u00e9l\u00e9charger<\/a>\n            <\/div>\n        <\/div>\n    <\/div>\n<\/div>\n\n<\/div>\n","protected":false},"excerpt":{"rendered":"<p>Le mot du Pr\u00e9sident \u00a0\u00bb La r\u00e9gulation des m\u00e9dias pendant les p\u00e9riodes \u00e9lectorales est l\u2019une des missions principales du Conseil national de R\u00e9gulation de l\u2019Audiovisuel (CNRA). Durant ces p\u00e9riodes, le champ de comp\u00e9tences de l\u2019Organe de r\u00e9gulation d\u00e9passe le domaine de l\u2019audiovisuel et s\u2019\u00e9tend \u00e0 toutes les entreprises de presse. C\u2019est pourquoi, en vue des [&hellip;]<\/p>\n","protected":false},"author":1,"featured_media":2320,"comment_status":"closed","ping_status":"closed","sticky":false,"template":"","format":"standard","meta":{"_exactmetrics_skip_tracking":false,"_exactmetrics_sitenote_active":false,"_exactmetrics_sitenote_note":"","_exactmetrics_sitenote_category":0},"categories":[166,143,145,78],"tags":[],"_links":{"self":[{"href":"https:\/\/www.cnra.sn\/do\/wp-json\/wp\/v2\/posts\/2321"}],"collection":[{"href":"https:\/\/www.cnra.sn\/do\/wp-json\/wp\/v2\/posts"}],"about":[{"href":"https:\/\/www.cnra.sn\/do\/wp-json\/wp\/v2\/types\/post"}],"author":[{"embeddable":true,"href":"https:\/\/www.cnra.sn\/do\/wp-json\/wp\/v2\/users\/1"}],"replies":[{"embeddable":true,"href":"https:\/\/www.cnra.sn\/do\/wp-json\/wp\/v2\/comments?post=2321"}],"version-history":[{"count":3,"href":"https:\/\/www.cnra.sn\/do\/wp-json\/wp\/v2\/posts\/2321\/revisions"}],"predecessor-version":[{"id":2326,"href":"https:\/\/www.cnra.sn\/do\/wp-json\/wp\/v2\/posts\/2321\/revisions\/2326"}],"wp:featuredmedia":[{"embeddable":true,"href":"https:\/\/www.cnra.sn\/do\/wp-json\/wp\/v2\/media\/2320"}],"wp:attachment":[{"href":"https:\/\/www.cnra.sn\/do\/wp-json\/wp\/v2\/media?parent=2321"}],"wp:term":[{"taxonomy":"category","embeddable":true,"href":"https:\/\/www.cnra.sn\/do\/wp-json\/wp\/v2\/categories?post=2321"},{"taxonomy":"post_tag","embeddable":true,"href":"https:\/\/www.cnra.sn\/do\/wp-json\/wp\/v2\/tags?post=2321"}],"curies":[{"name":"wp","href":"https:\/\/api.w.org\/{rel}","templated":true}]}}