{"id":1525,"date":"2020-08-12T18:26:54","date_gmt":"2020-08-12T17:26:54","guid":{"rendered":"http:\/\/www.cnra.sn\/do\/?p=1525"},"modified":"2021-05-24T19:58:01","modified_gmt":"2021-05-24T18:58:01","slug":"decision-portant-conditions-de-poursuite-de-la-diffusion-de-la-serie-infideles-par-la-sen-tv","status":"publish","type":"post","link":"https:\/\/www.cnra.sn\/do\/decision-portant-conditions-de-poursuite-de-la-diffusion-de-la-serie-infideles-par-la-sen-tv\/","title":{"rendered":"D\u00e9cision portant conditions de poursuite de la diffusion  de la s\u00e9rie \u00ab\u00a0Infid\u00e8les\u00a0\u00bb par la SEN TV"},"content":{"rendered":"<p><strong>Le Conseil national de R\u00e9gulation de l\u2019Audiovisuel,<\/strong><\/p>\n<p>Vu la Constitution&nbsp;;<\/p>\n<p>Vu la loi n\u00b0 2017-27 du 13 juillet 2017 portant Code de la Presse&nbsp;;<\/p>\n<p>Vu la loi n\u00b02006-04 du 4 janvier 2006 portant cr\u00e9ation du CNRA&nbsp;;<\/p>\n<p>Vu le Cahier des charges applicable aux titulaires d\u2019une autorisation de diffusion de programmes de t\u00e9l\u00e9vision priv\u00e9e&nbsp;de droit s\u00e9n\u00e9galais, notamment en ses articles 20, 21, 24, 25 et 26 ;<\/p>\n<p>Vu la plainte du Collectif des plaignants contre les d\u00e9rives audiovisuelles, le 6 ao\u00fbt 2020&nbsp;;<\/p>\n<p>Vu les nombreuses autres plaintes\/protestations re\u00e7ues de s\u00e9n\u00e9galaises et de s\u00e9n\u00e9galais contre la s\u00e9rie \u00ab Infid\u00e8les \u00bb ;<\/p>\n<p>Apr\u00e8s avoir entendu les repr\u00e9sentants du Collectif des plaignants contre les d\u00e9rives audiovisuelles, l\u2019\u00e9diteur et le producteur de la s\u00e9rie \u00ab&nbsp;Infid\u00e8les&nbsp;\u00bb&nbsp;;<\/p>\n<p>Consid\u00e9rant que l\u2019instruction du dossier par les services du monitoring du CNRA apporte la preuve que dans la s\u00e9rie sont r\u00e9guli\u00e8rement not\u00e9s&nbsp;:<\/p>\n<ul>\n<li>des propos, comportements et images jug\u00e9s choquants, ind\u00e9cents, obsc\u00e8nes ou injurieux&nbsp;;<\/li>\n<li>des s\u00e9quences et propos qui portent gravement atteinte \u00e0 la dignit\u00e9, l\u2019image, l\u2019honneur et la r\u00e9putation de la personne humaine, notamment de la femme&nbsp;;<\/li>\n<li>des s\u00e9quences et propos susceptibles de nuire \u00e0 la pr\u00e9servation des valeurs, sensibilit\u00e9s et identit\u00e9s culturelles&nbsp;et religieuses ;<\/li>\n<\/ul>\n<p>Consid\u00e9rant les manquements \u00e0 la r\u00e8glementation, notamment celle relative \u00e0 la signal\u00e9tique ;<\/p>\n<p>Conform\u00e9ment \u00e0 sa mi0ssion de veiller au respect des dispositions de la loi n\u00b02006-04 du 04 janvier 2006 et de celles du cahier des charges applicables aux t\u00e9l\u00e9visions priv\u00e9es, et apr\u00e8s en avoir d\u00e9lib\u00e9r\u00e9, en sa s\u00e9ance du 12 ao\u00fbt 2020&nbsp;;<\/p>\n<p><strong>&nbsp;<\/strong><\/p>\n<p><strong><u>ORDONNE A LA SEN TV&nbsp;:<\/u><\/strong><\/p>\n<ul>\n<li><strong>de ne plus diffuser d<\/strong><strong>es <\/strong><strong>propos, comportements et <\/strong><strong>images jug\u00e9s ind\u00e9cents, <\/strong><strong>obsc\u00e8nes ainsi <\/strong><strong>que des s\u00e9quences et propos susceptibles <\/strong><strong>de nuire \u00e0 <\/strong><strong>la pr\u00e9servation des valeurs, sensibilit\u00e9s et identit\u00e9s culturelles et religieuses&nbsp;;<\/strong><strong><br \/>\n<\/strong><\/li>\n<\/ul>\n<ul>\n<li><strong>de ne plus diffuser ou rediffuser la s\u00e9rie \u00ab&nbsp;Infid\u00e8les&nbsp;\u00bb avant 22h 30mn&nbsp;;<\/strong><strong><br \/>\n<\/strong><\/li>\n<\/ul>\n<ul>\n<li><strong>d\u2019extirper des bandes annonces de cette s\u00e9rie les sc\u00e8nes susceptibles de heurter la sensibilit\u00e9 du jeune public&nbsp;;<\/strong><strong><br \/>\n<\/strong><\/li>\n<\/ul>\n<ul>\n<li><strong>d\u2019ins\u00e9rer <\/strong><strong>de mani\u00e8re &nbsp;visible et pendant toute la dur\u00e9e de la s\u00e9rie, un pictogramme rond de couleur blanche avec l\u2019incrustation de -16&nbsp;en noir.<\/strong><\/li>\n<\/ul>\n<p>Le non-respect de la pr\u00e9sente d\u00e9cision, outre l\u2019interdiction d\u00e9finitive de toute diffusion ou rediffusion de la s\u00e9rie, expose la SEN TV aux sanctions pr\u00e9vues par la loi n\u00b0 2006-04 du 4 janvier 2006 portant cr\u00e9ation du CNRA et par la loi n\u00b0 2017-27 du 13 juillet 2017 portant Code de la Presse.<\/p>\n<p>La pr\u00e9sente d\u00e9cision prend effet \u00e0 compter de sa notification. Elle sera enregistr\u00e9e, notifi\u00e9e et publi\u00e9e partout o\u00f9 besoin sera.<\/p>\n<p style=\"text-align: right;\"><strong><u>Pour l\u2019Assembl\u00e9e du CNRA<\/u><\/strong><\/p>\n","protected":false},"excerpt":{"rendered":"<p>Le Conseil national de R\u00e9gulation de l\u2019Audiovisuel, Vu la Constitution&nbsp;; Vu la loi n\u00b0 2017-27 du 13 juillet 2017 portant Code de la Presse&nbsp;; Vu la loi n\u00b02006-04 du 4 janvier 2006 portant cr\u00e9ation du CNRA&nbsp;; Vu le Cahier des charges applicable aux titulaires d\u2019une autorisation de diffusion de programmes de t\u00e9l\u00e9vision priv\u00e9e&nbsp;de droit s\u00e9n\u00e9galais, [&hellip;]<\/p>\n","protected":false},"author":1,"featured_media":1951,"comment_status":"closed","ping_status":"closed","sticky":false,"template":"","format":"standard","meta":{"_exactmetrics_skip_tracking":false,"_exactmetrics_sitenote_active":false,"_exactmetrics_sitenote_note":"","_exactmetrics_sitenote_category":0},"categories":[208,173],"tags":[],"_links":{"self":[{"href":"https:\/\/www.cnra.sn\/do\/wp-json\/wp\/v2\/posts\/1525"}],"collection":[{"href":"https:\/\/www.cnra.sn\/do\/wp-json\/wp\/v2\/posts"}],"about":[{"href":"https:\/\/www.cnra.sn\/do\/wp-json\/wp\/v2\/types\/post"}],"author":[{"embeddable":true,"href":"https:\/\/www.cnra.sn\/do\/wp-json\/wp\/v2\/users\/1"}],"replies":[{"embeddable":true,"href":"https:\/\/www.cnra.sn\/do\/wp-json\/wp\/v2\/comments?post=1525"}],"version-history":[{"count":3,"href":"https:\/\/www.cnra.sn\/do\/wp-json\/wp\/v2\/posts\/1525\/revisions"}],"predecessor-version":[{"id":1953,"href":"https:\/\/www.cnra.sn\/do\/wp-json\/wp\/v2\/posts\/1525\/revisions\/1953"}],"wp:featuredmedia":[{"embeddable":true,"href":"https:\/\/www.cnra.sn\/do\/wp-json\/wp\/v2\/media\/1951"}],"wp:attachment":[{"href":"https:\/\/www.cnra.sn\/do\/wp-json\/wp\/v2\/media?parent=1525"}],"wp:term":[{"taxonomy":"category","embeddable":true,"href":"https:\/\/www.cnra.sn\/do\/wp-json\/wp\/v2\/categories?post=1525"},{"taxonomy":"post_tag","embeddable":true,"href":"https:\/\/www.cnra.sn\/do\/wp-json\/wp\/v2\/tags?post=1525"}],"curies":[{"name":"wp","href":"https:\/\/api.w.org\/{rel}","templated":true}]}}