{"id":1456,"date":"2018-12-01T14:26:17","date_gmt":"2018-12-01T13:26:17","guid":{"rendered":"http:\/\/www.cnra.sn\/do\/?p=1456"},"modified":"2021-05-04T14:17:11","modified_gmt":"2021-05-04T13:17:11","slug":"le-conseil-national-de-regulation-de-laudiovisuel-poursuit-lundi-3-decembre-par-ziguinchor-sa-tournee-nationale-de-partage-avec-les-medias-sur-la-couverture-des-elections-notamment-la-presi","status":"publish","type":"post","link":"https:\/\/www.cnra.sn\/do\/le-conseil-national-de-regulation-de-laudiovisuel-poursuit-lundi-3-decembre-par-ziguinchor-sa-tournee-nationale-de-partage-avec-les-medias-sur-la-couverture-des-elections-notamment-la-presi\/","title":{"rendered":"Le Conseil National de R\u00e9gulation de l\u2019Audiovisuel poursuit lundi 3 d\u00e9cembre par Ziguinchor, sa tourn\u00e9e nationale de partage avec les m\u00e9dias sur la couverture des \u00e9lections, notamment la pr\u00e9sidentielle du 24 f\u00e9vrier 2019"},"content":{"rendered":"<p style=\"text-align: justify;\">Apr\u00e8s Thi\u00e8s et Saint Louis respectivement les 13 et 28 derniers, le CNRA va \u00e9changer avec les correspondants de presse des r\u00e9gions \u00a0de Kolda, S\u00e9dhiou et Ziguinchor.\u00a0 L\u2019importance du r\u00f4le de la presse dans ces moments d\u00e9mocratiques et aussi de passion, commande que les acteurs du secteur s\u2019arment des principes \u00e9thiques et d\u00e9ontologiques, qui encadrent l\u2019exercice de la profession de communicateur social.<\/p>\n<p style=\"text-align: justify;\">Dans le travail qui sera le leur, il est attendu des journalistes qu\u2019ils mettent tous les candidats sur le m\u00eame pied. Il s\u2019agira alors de laisser \u00e0 chacun, la pleine jouissance de ses droits, sans pr\u00e9judices ni des droits des autres \u00e0 exprimer leurs opinions dans le respect des r\u00e8gles du jeu d\u00e9mocratique, ni des devoirs de chaque acteur dans la pr\u00e9servation de la Paix en p\u00e9riode \u00e9lectorale.<\/p>\n<p style=\"text-align: justify;\">\u00a0Cela appelle de la part des m\u00e9dias, une responsabilit\u00e9 qu\u2019il n\u2019est jamais superflu de convoquer et de rappeler, chaque fois que le pays s\u2019engage dans une consultation de la nature de celle \u00e0 venir en f\u00e9vrier prochain.<\/p>\n<p style=\"text-align: justify;\">Apr\u00e8s la Zone Sud, le Conseil poursuivra sa tourn\u00e9e par Kaolack, prochain site qui regroupera en outre, les r\u00e9gions de Diourbel, Kaffrine et Fatick. Ce sera le 19 d\u00e9cembre avant l\u2019ultime \u00e9tape de Tambacounda le 22 d\u00e9cembre. Dans la m\u00e9tropole orientale, l\u2019\u00e9quipe du Pr\u00e9sident Babacar Diagne \u00e9largira ses\u00a0moments d\u2019\u00e9changes aux correspondants de presse bas\u00e9s \u00e0 K\u00e9dougou.<\/p>\n<p style=\"text-align: justify;\">Cette partie de l\u2019Agenda boucl\u00e9e, le CNRA engagera \u00e0 Dakar, d\u2019autres rencontres avec les m\u00e9dias. La\u00a0 premi\u00e8re invit\u00e9e en sera la Convention des Jeunes Reporters du S\u00e9n\u00e9gal\u00a0 (CJRS) pour un atelier pr\u00e9vu le 12 d\u00e9cembre.<\/p>\n","protected":false},"excerpt":{"rendered":"<p>Apr\u00e8s Thi\u00e8s et Saint Louis respectivement les 13 et 28 derniers, le CNRA va \u00e9changer avec les correspondants de presse des r\u00e9gions \u00a0de Kolda, S\u00e9dhiou et Ziguinchor.\u00a0 L\u2019importance du r\u00f4le de la presse dans ces moments d\u00e9mocratiques et aussi de passion, commande que les acteurs du secteur s\u2019arment des principes \u00e9thiques et d\u00e9ontologiques, qui encadrent [&hellip;]<\/p>\n","protected":false},"author":1,"featured_media":1458,"comment_status":"closed","ping_status":"closed","sticky":false,"template":"","format":"standard","meta":{"_exactmetrics_skip_tracking":false,"_exactmetrics_sitenote_active":false,"_exactmetrics_sitenote_note":"","_exactmetrics_sitenote_category":0},"categories":[144,138],"tags":[],"_links":{"self":[{"href":"https:\/\/www.cnra.sn\/do\/wp-json\/wp\/v2\/posts\/1456"}],"collection":[{"href":"https:\/\/www.cnra.sn\/do\/wp-json\/wp\/v2\/posts"}],"about":[{"href":"https:\/\/www.cnra.sn\/do\/wp-json\/wp\/v2\/types\/post"}],"author":[{"embeddable":true,"href":"https:\/\/www.cnra.sn\/do\/wp-json\/wp\/v2\/users\/1"}],"replies":[{"embeddable":true,"href":"https:\/\/www.cnra.sn\/do\/wp-json\/wp\/v2\/comments?post=1456"}],"version-history":[{"count":1,"href":"https:\/\/www.cnra.sn\/do\/wp-json\/wp\/v2\/posts\/1456\/revisions"}],"predecessor-version":[{"id":1457,"href":"https:\/\/www.cnra.sn\/do\/wp-json\/wp\/v2\/posts\/1456\/revisions\/1457"}],"wp:featuredmedia":[{"embeddable":true,"href":"https:\/\/www.cnra.sn\/do\/wp-json\/wp\/v2\/media\/1458"}],"wp:attachment":[{"href":"https:\/\/www.cnra.sn\/do\/wp-json\/wp\/v2\/media?parent=1456"}],"wp:term":[{"taxonomy":"category","embeddable":true,"href":"https:\/\/www.cnra.sn\/do\/wp-json\/wp\/v2\/categories?post=1456"},{"taxonomy":"post_tag","embeddable":true,"href":"https:\/\/www.cnra.sn\/do\/wp-json\/wp\/v2\/tags?post=1456"}],"curies":[{"name":"wp","href":"https:\/\/api.w.org\/{rel}","templated":true}]}}