{"id":145,"date":"2013-08-26T16:36:46","date_gmt":"2013-08-26T15:36:46","guid":{"rendered":"http:\/\/www.cnra.sn\/do\/?p=145"},"modified":"2013-10-21T16:29:14","modified_gmt":"2013-10-21T15:29:14","slug":"document-dorientation-du-passage-au-numerique-finalisation-de-la-strategie","status":"publish","type":"post","link":"https:\/\/www.cnra.sn\/do\/document-dorientation-du-passage-au-numerique-finalisation-de-la-strategie\/","title":{"rendered":"Document d\u2019orientation du passage au num\u00e9rique Finalisation de la strat\u00e9gie"},"content":{"rendered":"<p>A la demande du CNRA le Comit\u00e9 national pour le passage de l\u2019audiovisuel de l\u2019analogique au num\u00e9rique du S\u00e9n\u00e9gal (CNN) a acc\u00e9l\u00e9r\u00e9 les travaux de consolidation et de finalisation du document de synth\u00e8se de la strat\u00e9gie de passage du num\u00e9rique du S\u00e9n\u00e9gal, dans le cadre d\u2019un s\u00e9minaire tenu les 3 et 4 d\u00e9cembre.<\/p>\n<p>Le CNN a soulign\u00e9 la mesure donn\u00e9e par le Pr\u00e9sident Macky Sall lors du s\u00e9minaire du REFRAM (voir p. 24) \u00ab le document d\u2019orientation strat\u00e9gique du Comit\u00e9 national pour le passage de l\u2019audiovisuel de l\u2019analogique au num\u00e9rique du S\u00e9n\u00e9gal (CNN) en cours de validation, constituera l\u2019\u00e9pine dorsale de notre politique nationale pour une transition r\u00e9ussie \u00bb.<\/p>\n<p>Des innovations notables ont \u00e9t\u00e9 apport\u00e9es au document par le s\u00e9minaire :<\/p>\n<p>\u27a2 La cr\u00e9ation d\u2019un 2e dividende num\u00e9rique a \u00e9t\u00e9 \u00e9voqu\u00e9e<\/p>\n<p>\u27a2 La mise \u00e0 jour du cadre l\u00e9gislatif et r\u00e9glementaire<\/p>\n<p>\u27a2 Le plan de communication aupr\u00e8s des acteurs et du public<\/p>\n<p>\u27a2 les mesures d\u2019accompagnement<\/p>\n<p>\u27a2 Le fonds de financement de la production audiovisuelle nationale<\/p>\n<p>\u27a2 Le co\u00fbt du passage au tout num\u00e9rique \u00e9valu\u00e9 \u00e0 64 milliards<\/p>\n<p>\u27a2 La cr\u00e9ation d\u2019une structure p\u00e9renne qui se substituera au CNN pour g\u00e9rer ce passage.<\/p>\n","protected":false},"excerpt":{"rendered":"<p>A la demande du CNRA le Comit\u00e9 national pour le passage de l\u2019audiovisuel de l\u2019analogique au num\u00e9rique du S\u00e9n\u00e9gal (CNN) a acc\u00e9l\u00e9r\u00e9 les travaux de consolidation et de finalisation du document de synth\u00e8se de la strat\u00e9gie de passage du num\u00e9rique du S\u00e9n\u00e9gal, dans le cadre d\u2019un s\u00e9minaire tenu les 3 et 4 d\u00e9cembre. Le CNN [&hellip;]<\/p>\n","protected":false},"author":1,"featured_media":0,"comment_status":"closed","ping_status":"closed","sticky":false,"template":"","format":"standard","meta":{"_exactmetrics_skip_tracking":false,"_exactmetrics_sitenote_active":false,"_exactmetrics_sitenote_note":"","_exactmetrics_sitenote_category":0},"categories":[91,92],"tags":[],"_links":{"self":[{"href":"https:\/\/www.cnra.sn\/do\/wp-json\/wp\/v2\/posts\/145"}],"collection":[{"href":"https:\/\/www.cnra.sn\/do\/wp-json\/wp\/v2\/posts"}],"about":[{"href":"https:\/\/www.cnra.sn\/do\/wp-json\/wp\/v2\/types\/post"}],"author":[{"embeddable":true,"href":"https:\/\/www.cnra.sn\/do\/wp-json\/wp\/v2\/users\/1"}],"replies":[{"embeddable":true,"href":"https:\/\/www.cnra.sn\/do\/wp-json\/wp\/v2\/comments?post=145"}],"version-history":[{"count":2,"href":"https:\/\/www.cnra.sn\/do\/wp-json\/wp\/v2\/posts\/145\/revisions"}],"predecessor-version":[{"id":151,"href":"https:\/\/www.cnra.sn\/do\/wp-json\/wp\/v2\/posts\/145\/revisions\/151"}],"wp:attachment":[{"href":"https:\/\/www.cnra.sn\/do\/wp-json\/wp\/v2\/media?parent=145"}],"wp:term":[{"taxonomy":"category","embeddable":true,"href":"https:\/\/www.cnra.sn\/do\/wp-json\/wp\/v2\/categories?post=145"},{"taxonomy":"post_tag","embeddable":true,"href":"https:\/\/www.cnra.sn\/do\/wp-json\/wp\/v2\/tags?post=145"}],"curies":[{"name":"wp","href":"https:\/\/api.w.org\/{rel}","templated":true}]}}