{"id":1447,"date":"2018-10-24T14:39:11","date_gmt":"2018-10-24T13:39:11","guid":{"rendered":"http:\/\/www.cnra.sn\/do\/?p=1447"},"modified":"2018-10-24T14:39:29","modified_gmt":"2018-10-24T13:39:29","slug":"point-de-presse-cnra","status":"publish","type":"post","link":"https:\/\/www.cnra.sn\/do\/point-de-presse-cnra\/","title":{"rendered":"POINT DE PRESSE\/CNRA"},"content":{"rendered":"<p>La libert\u00e9 d\u2019expression exige de tous les acteurs des m\u00e9dias un sens aigu des responsabilit\u00e9s. C\u2019est ainsi qu\u2019on peut pr\u00e9venir des d\u00e9rapages pr\u00e9judiciables \u00e0 la coh\u00e9sion sociale et \u00e0 l\u2019entente cordiale entre les diff\u00e9rentes communaut\u00e9s de notre pays.<\/p>\n<p>Certains propos relay\u00e9s par des m\u00e9dias, notamment ceux diffus\u00e9s sur internet, sur une communaut\u00e9 religieuse, sont de nature \u00e0 provoquer des troubles \u00e0 l\u2019ordre public.<\/p>\n<p>A l\u2019heure o\u00f9 notre pays s\u2019appr\u00eate \u00e0 c\u00e9l\u00e9brer le Magal de Touba, \u00e9v\u00e8nement religieux dont l\u2019importance est connue mondialement, des m\u00e9dias en ligne s\u2019illustrent par des sujets\u00a0 provocateurs et outrageants sur le mouridisme, entra\u00eenant une plainte du Comit\u00e9 d\u2019Organisation du Grand Magal de Touba.<\/p>\n<p>Dans sa plainte contre une t\u00e9l\u00e9vision diffus\u00e9e sur le net, ledit Comit\u00e9 a attir\u00e9 l\u2019attention du CNRA sur les troubles \u00e0 l\u2019ordre public qu\u2019auraient pu entra\u00eener les images et propos incrimin\u00e9s.<\/p>\n<p>Dans ce contexte, le CNRA, en parfaite symbiose avec les pr\u00e9occupations exprim\u00e9es par le Comit\u00e9 d\u2019organisation du Grand Magal, organise un point de presse sur cette question et sur les questions relatives \u00e0 la r\u00e9gulation de mani\u00e8re g\u00e9n\u00e9rale.<\/p>\n<p>Le Pr\u00e9sident du CNRA convie la presse nationale et internationale \u00e0 cette importante rencontre qui se tient le<strong> 24 octobre 2018<\/strong> \u00e0 <strong>15 heures<\/strong> au si\u00e8ge du CNRA.<\/p>\n","protected":false},"excerpt":{"rendered":"<p>La libert\u00e9 d\u2019expression exige de tous les acteurs des m\u00e9dias un sens aigu des responsabilit\u00e9s. C\u2019est ainsi qu\u2019on peut pr\u00e9venir des d\u00e9rapages pr\u00e9judiciables \u00e0 la coh\u00e9sion sociale et \u00e0 l\u2019entente cordiale entre les diff\u00e9rentes communaut\u00e9s de notre pays. Certains propos relay\u00e9s par des m\u00e9dias, notamment ceux diffus\u00e9s sur internet, sur une communaut\u00e9 religieuse, sont de [&hellip;]<\/p>\n","protected":false},"author":1,"featured_media":0,"comment_status":"closed","ping_status":"closed","sticky":false,"template":"","format":"standard","meta":{"_exactmetrics_skip_tracking":false,"_exactmetrics_sitenote_active":false,"_exactmetrics_sitenote_note":"","_exactmetrics_sitenote_category":0},"categories":[166,87,133,163],"tags":[],"_links":{"self":[{"href":"https:\/\/www.cnra.sn\/do\/wp-json\/wp\/v2\/posts\/1447"}],"collection":[{"href":"https:\/\/www.cnra.sn\/do\/wp-json\/wp\/v2\/posts"}],"about":[{"href":"https:\/\/www.cnra.sn\/do\/wp-json\/wp\/v2\/types\/post"}],"author":[{"embeddable":true,"href":"https:\/\/www.cnra.sn\/do\/wp-json\/wp\/v2\/users\/1"}],"replies":[{"embeddable":true,"href":"https:\/\/www.cnra.sn\/do\/wp-json\/wp\/v2\/comments?post=1447"}],"version-history":[{"count":2,"href":"https:\/\/www.cnra.sn\/do\/wp-json\/wp\/v2\/posts\/1447\/revisions"}],"predecessor-version":[{"id":1449,"href":"https:\/\/www.cnra.sn\/do\/wp-json\/wp\/v2\/posts\/1447\/revisions\/1449"}],"wp:attachment":[{"href":"https:\/\/www.cnra.sn\/do\/wp-json\/wp\/v2\/media?parent=1447"}],"wp:term":[{"taxonomy":"category","embeddable":true,"href":"https:\/\/www.cnra.sn\/do\/wp-json\/wp\/v2\/categories?post=1447"},{"taxonomy":"post_tag","embeddable":true,"href":"https:\/\/www.cnra.sn\/do\/wp-json\/wp\/v2\/tags?post=1447"}],"curies":[{"name":"wp","href":"https:\/\/api.w.org\/{rel}","templated":true}]}}