{"id":1329,"date":"2017-05-24T12:39:33","date_gmt":"2017-05-24T11:39:33","guid":{"rendered":"http:\/\/www.cnra.sn\/do\/?p=1329"},"modified":"2017-05-24T12:39:33","modified_gmt":"2017-05-24T11:39:33","slug":"avis-trimestriel-janvier-fevrier-mars-2017","status":"publish","type":"post","link":"https:\/\/www.cnra.sn\/do\/avis-trimestriel-janvier-fevrier-mars-2017\/","title":{"rendered":"AVIS TRIMESTRIEL (Janvier-f\u00e9vrier-mars  2017)"},"content":{"rendered":"<div style=\"text-align: justify;\">\n<p>A l\u2019aune de la lib\u00e9ralisation de l\u2019audiovisuel, tout inventaire objectif des initiatives d\u00e9montrerait un d\u00e9sordre g\u00e9n\u00e9ralis\u00e9, pourvoyeur de situations inextricables. L\u2019absence de planification pr\u00e9alable pour optimiser la mise en valeur de notre spectre, aussi, l\u2019inexistence d\u2019une politique structurante pour guider les conditions d\u2019attribution et d\u2019exploitation des fr\u00e9quences, ont provoqu\u00e9 de fortes incertitudes qui perturbent l\u2019environnement juridique, \u00e9conomique et social des m\u00e9dias.<br \/>\nSans projet \u00e9ditorial v\u00e9ritable, ni projet d\u2019entreprise viable, de nombreux op\u00e9rateurs priv\u00e9s, aujourd\u2019hui d\u00e9tenteurs de fr\u00e9quences, sont devenus des acteurs importants de l\u2019\u00e9cosyst\u00e8me m\u00e9diatique \u00e0 l\u2019\u00e9chelle locale, r\u00e9gionale ou communautaire. La majorit\u00e9 d\u2019entre eux, \u00e9chappant \u00e0 toute r\u00e9gulation, semble ignorer les principes et valeurs auxquels ils ont librement souscrits \u00e0 travers les cahiers de charges et conventions qui r\u00e9gissent l\u2019audiovisuel.<br \/>\nLes m\u00e9dias servent de plus en plus de caisse de r\u00e9sonance aux drames quotidiens des populations en situation de d\u00e9tresse. Ils font la promotion d\u2019une forme \u00abd\u2019esth\u00e9tique de l&rsquo;insoutenable\u00bb particuli\u00e8rement dans le traitement des faits divers. Certains contenus audiovisuels exposent des consciences innocentes et portent souvent atteinte \u00e0 la coh\u00e9sion nationale, \u00e0 l\u2019int\u00e9grit\u00e9 du territoire et au\u00a0 respect des institutions r\u00e9publicaine.<\/p>\n<p>Le Coll\u00e8ge du CNRA, r\u00e9uni en sa s\u00e9ance du 11 mai 2017 et apr\u00e8s en avoir d\u00e9lib\u00e9r\u00e9, rend public le pr\u00e9sent avis sur les faits constat\u00e9s et r\u00e9pertori\u00e9s au cours du premier trimestre de l\u2019ann\u00e9e 2017.<\/p>\n<\/div>\n<div style=\"text-align: right;\"><\/div>\n<div style=\"text-align: left;\">\n<h2 class=\"null\" style=\"text-align: justify;\"><span style=\"font-size: 14px;\">\u00a0<\/span><\/h2>\n<ol start=\"1\" type=\"I\">\n<li><strong>ECHANTILONNAGE <\/strong><\/li>\n<\/ol>\n<p>Durant la p\u00e9riode du 1er\u00a0janvier au 31 mars 2017, le service de monitoring a proc\u00e9d\u00e9 \u00e0 un \u00e9chantillonnage portant sur 3587 contenus audiovisuels diffus\u00e9s par 5 Radios et 10 T\u00e9l\u00e9visions, selon les crit\u00e8res suivants : langue utilis\u00e9e, format des programmes, th\u00e9matique abord\u00e9e, signal\u00e9tique.<\/p>\n<h3>1. Les Radios<\/h3>\n<p>Le\u00a0 monitoring a suivi 1606 \u00e9missions diffus\u00e9es sur les stations de radio en mode FM. L\u2019\u00e9chantillon est ainsi compos\u00e9 : RADIO SENEGAL, REWMI FM, RFM, SUD FM, ZIK FM.<\/p>\n<div align=\"center\">\n<table style=\"width: 75%;\" border=\"0\" cellspacing=\"0\" cellpadding=\"0\">\n<tbody>\n<tr>\n<td valign=\"top\" width=\"100%\"><strong>\u00a0Nombre d\u2019\u00e9missions de radio suivies<\/strong><\/p>\n<p>&nbsp;<\/td>\n<\/tr>\n<tr>\n<td valign=\"top\" width=\"100%\">\u00a0<a href=\"https:\/\/www.cnra.sn\/do\/wp-content\/uploads\/2017\/05\/Avis_1_2017_R_Nbre_emission.png\"><img decoding=\"async\" loading=\"lazy\" class=\"alignnone wp-image-1332 size-medium\" src=\"https:\/\/www.cnra.sn\/do\/wp-content\/uploads\/2017\/05\/Avis_1_2017_R_Nbre_emission-300x174.png\" alt=\"\" width=\"300\" height=\"174\" srcset=\"https:\/\/www.cnra.sn\/do\/wp-content\/uploads\/2017\/05\/Avis_1_2017_R_Nbre_emission-300x174.png 300w, https:\/\/www.cnra.sn\/do\/wp-content\/uploads\/2017\/05\/Avis_1_2017_R_Nbre_emission-370x214.png 370w, https:\/\/www.cnra.sn\/do\/wp-content\/uploads\/2017\/05\/Avis_1_2017_R_Nbre_emission.png 591w\" sizes=\"(max-width: 300px) 100vw, 300px\" \/><\/a><\/td>\n<\/tr>\n<tr>\n<td valign=\"top\" width=\"100%\">Ce graphique informe sur le nombre d\u2019\u00e9missions radiophoniques suivies en fonction des \u00e9diteurs\u00a0 appartenant \u00e0 notre \u00e9chantillon.<\/td>\n<\/tr>\n<tr>\n<td valign=\"top\" width=\"100%\">\n<h2><\/h2>\n<p><strong>R\u00e9partition des langues dans les \u00e9missions de radio<\/strong><\/p>\n<p>&nbsp;<\/td>\n<\/tr>\n<tr>\n<td valign=\"top\" width=\"100%\">\n<p align=\"center\"><a href=\"https:\/\/www.cnra.sn\/do\/wp-content\/uploads\/2017\/05\/Avis_1_2017_R_Repartition_Langue.png\"><img decoding=\"async\" loading=\"lazy\" class=\"alignnone size-medium wp-image-1333\" src=\"https:\/\/www.cnra.sn\/do\/wp-content\/uploads\/2017\/05\/Avis_1_2017_R_Repartition_Langue-300x146.png\" alt=\"\" width=\"300\" height=\"146\" srcset=\"https:\/\/www.cnra.sn\/do\/wp-content\/uploads\/2017\/05\/Avis_1_2017_R_Repartition_Langue-300x146.png 300w, https:\/\/www.cnra.sn\/do\/wp-content\/uploads\/2017\/05\/Avis_1_2017_R_Repartition_Langue-370x180.png 370w, https:\/\/www.cnra.sn\/do\/wp-content\/uploads\/2017\/05\/Avis_1_2017_R_Repartition_Langue.png 590w\" sizes=\"(max-width: 300px) 100vw, 300px\" \/><\/a><\/p>\n<\/td>\n<\/tr>\n<tr>\n<td valign=\"top\" width=\"100%\">Sur l\u2019ensemble des radios de notre \u00e9chantillon, le wolof\u00a0 est la langue la plus usit\u00e9e. Il est le support de \u00a056,35 % des programmes, devant le fran\u00e7ais qui fait \u00a042,34 %. Certaines \u00e9missions, cependant, se servent des deux langues, wolof et fran\u00e7ais.<\/td>\n<\/tr>\n<\/tbody>\n<\/table>\n<\/div>\n<div align=\"center\">\n<table style=\"width: 75%;\" border=\"0\" cellspacing=\"0\" cellpadding=\"0\">\n<tbody>\n<tr>\n<td valign=\"top\" width=\"100%\"><strong>R\u00e9partition des \u00e9missions de radio suivies, selon le th\u00e8me<\/strong><\/td>\n<\/tr>\n<tr>\n<td valign=\"top\" width=\"100%\">\n<p align=\"center\"><a href=\"https:\/\/www.cnra.sn\/do\/wp-content\/uploads\/2017\/05\/Avis_1_2017_R_Repartition_Theme.png\"><img decoding=\"async\" loading=\"lazy\" class=\"alignnone size-medium wp-image-1334\" src=\"https:\/\/www.cnra.sn\/do\/wp-content\/uploads\/2017\/05\/Avis_1_2017_R_Repartition_Theme-300x127.png\" alt=\"\" width=\"300\" height=\"127\" srcset=\"https:\/\/www.cnra.sn\/do\/wp-content\/uploads\/2017\/05\/Avis_1_2017_R_Repartition_Theme-300x127.png 300w, https:\/\/www.cnra.sn\/do\/wp-content\/uploads\/2017\/05\/Avis_1_2017_R_Repartition_Theme-370x157.png 370w, https:\/\/www.cnra.sn\/do\/wp-content\/uploads\/2017\/05\/Avis_1_2017_R_Repartition_Theme.png 591w\" sizes=\"(max-width: 300px) 100vw, 300px\" \/><\/a><\/p>\n<\/td>\n<\/tr>\n<tr>\n<td valign=\"top\" width=\"100%\">Les \u00e9missions d\u2019information sont les plus repr\u00e9sent\u00e9es avec 81,32 % des th\u00e9matiques consid\u00e9r\u00e9es. Le terme \u00ab\u00a0politique\u00bb, dans notre classification, indique qu\u2019il s\u2019agit d\u2019\u00e9missions strictement et enti\u00e8rement d\u00e9di\u00e9es \u00e0\u00a0 cette th\u00e9matique, m\u00eame si, dans les autres th\u00e9matiques, il arrive que soient abord\u00e9es des questions politiques .<\/td>\n<\/tr>\n<\/tbody>\n<\/table>\n<\/div>\n<div align=\"center\">\n<table style=\"width: 75%;\" border=\"0\" cellspacing=\"0\" cellpadding=\"0\">\n<tbody>\n<tr>\n<td valign=\"top\" width=\"100%\"><strong>R\u00e9partition des \u00e9missions de radio suivies, selon le format <\/strong><\/td>\n<\/tr>\n<tr>\n<td valign=\"top\" width=\"100%\">\n<p align=\"center\"><a href=\"https:\/\/www.cnra.sn\/do\/wp-content\/uploads\/2017\/05\/Avis_1_2017_R_Repartition_Format.png\"><img decoding=\"async\" loading=\"lazy\" class=\"alignnone size-medium wp-image-1335\" src=\"https:\/\/www.cnra.sn\/do\/wp-content\/uploads\/2017\/05\/Avis_1_2017_R_Repartition_Format-300x115.png\" alt=\"\" width=\"300\" height=\"115\" srcset=\"https:\/\/www.cnra.sn\/do\/wp-content\/uploads\/2017\/05\/Avis_1_2017_R_Repartition_Format-300x115.png 300w, https:\/\/www.cnra.sn\/do\/wp-content\/uploads\/2017\/05\/Avis_1_2017_R_Repartition_Format-370x141.png 370w, https:\/\/www.cnra.sn\/do\/wp-content\/uploads\/2017\/05\/Avis_1_2017_R_Repartition_Format.png 591w\" sizes=\"(max-width: 300px) 100vw, 300px\" \/><\/a><\/p>\n<\/td>\n<\/tr>\n<tr>\n<td valign=\"top\" width=\"100%\">Le\u00a0 \u00ab\u00a0Journal\u00a0\u00bb repr\u00e9sente 74,72 % de l\u2019ensemble des formats des \u00e9missions constituant notre \u00e9chantillon. Ce format\u00a0 est une source d\u2019indications statistiques sur la popularit\u00e9, la diversit\u00e9 et le pluralisme qui sont des fondamentaux essentiels pour la r\u00e9gulation.<\/td>\n<\/tr>\n<\/tbody>\n<\/table>\n<\/div>\n<p><strong>\u00a0<\/strong><\/p>\n<p><strong>\u00a0<\/strong><\/p>\n<h3>2. Les T\u00e9l\u00e9visions<\/h3>\n<p>Les services du monitoring ont suivi 1981 \u00e9missions de t\u00e9l\u00e9vision sur les cha\u00eenes suivantes\u00a0: 2STV, DTV, LAMP FALL TV, LCS, MOURCHID TV, RDV, RTS, SEN TV, TFM, WALF TV.<\/p>\n<table style=\"width: 75%;\" border=\"0\" cellspacing=\"0\" cellpadding=\"0\" align=\"center\">\n<tbody>\n<tr>\n<td valign=\"top\" width=\"100%\"><strong>Nombre d\u2019\u00e9missions de t\u00e9l\u00e9vision suivie<\/strong>s<\/td>\n<\/tr>\n<tr>\n<td valign=\"top\" width=\"100%\">\n<p align=\"center\"><a href=\"https:\/\/www.cnra.sn\/do\/wp-content\/uploads\/2017\/05\/Avis_1_2017_T_Nbre_emission.png\"><img decoding=\"async\" loading=\"lazy\" class=\"alignnone size-medium wp-image-1336\" src=\"https:\/\/www.cnra.sn\/do\/wp-content\/uploads\/2017\/05\/Avis_1_2017_T_Nbre_emission-300x166.png\" alt=\"\" width=\"300\" height=\"166\" srcset=\"https:\/\/www.cnra.sn\/do\/wp-content\/uploads\/2017\/05\/Avis_1_2017_T_Nbre_emission-300x166.png 300w, https:\/\/www.cnra.sn\/do\/wp-content\/uploads\/2017\/05\/Avis_1_2017_T_Nbre_emission-370x205.png 370w, https:\/\/www.cnra.sn\/do\/wp-content\/uploads\/2017\/05\/Avis_1_2017_T_Nbre_emission.png 590w\" sizes=\"(max-width: 300px) 100vw, 300px\" \/><\/a><\/p>\n<\/td>\n<\/tr>\n<tr>\n<td valign=\"top\" width=\"100%\">A l\u2019instar de la Radio, nous avons l\u00e0 une indication sur le nombre d\u2019\u00e9missions t\u00e9l\u00e9vis\u00e9es qui ont \u00e9t\u00e9 suivies durant le 1e trimestre 2017.<\/td>\n<\/tr>\n<\/tbody>\n<\/table>\n<p>&nbsp;<\/p>\n<table style=\"width: 75%;\" border=\"0\" cellspacing=\"0\" cellpadding=\"0\" align=\"center\">\n<tbody>\n<tr>\n<td valign=\"top\" width=\"100%\"><strong>R\u00e9partition des langues dans les \u00e9missions de t\u00e9l\u00e9vision<\/strong><\/td>\n<\/tr>\n<tr>\n<td valign=\"top\" width=\"100%\">\n<p align=\"center\"><a href=\"https:\/\/www.cnra.sn\/do\/wp-content\/uploads\/2017\/05\/Avis_1_2017_T_Repartition_Langue.png\"><img decoding=\"async\" loading=\"lazy\" class=\"alignnone size-medium wp-image-1338\" src=\"https:\/\/www.cnra.sn\/do\/wp-content\/uploads\/2017\/05\/Avis_1_2017_T_Repartition_Langue-300x137.png\" alt=\"\" width=\"300\" height=\"137\" srcset=\"https:\/\/www.cnra.sn\/do\/wp-content\/uploads\/2017\/05\/Avis_1_2017_T_Repartition_Langue-300x137.png 300w, https:\/\/www.cnra.sn\/do\/wp-content\/uploads\/2017\/05\/Avis_1_2017_T_Repartition_Langue-370x169.png 370w, https:\/\/www.cnra.sn\/do\/wp-content\/uploads\/2017\/05\/Avis_1_2017_T_Repartition_Langue.png 548w\" sizes=\"(max-width: 300px) 100vw, 300px\" \/><\/a><\/p>\n<\/td>\n<\/tr>\n<tr>\n<td valign=\"top\" width=\"100%\">A l\u2019inverse de ce qui a \u00e9t\u00e9 observ\u00e9 pour les radios, le \u00ab\u00a0fran\u00e7ais\u00a0\u00bb est la langue la plus usit\u00e9e dans les \u00e9missions de t\u00e9l\u00e9vision, avec un pourcentage de 48,76 %, devant le \u00ab\u00a0wolof\u00a0\u00bb qui est le support de 45,18 % des \u00e9missions. Concernant certains programmes, nous remarquons un\u00a0<em>mix<\/em> des deux langues (wolof et fran\u00e7ais), avec un taux sensiblement plus important\u00a0 \u00a0\u00e0 la t\u00e9l\u00e9vision (6,06 %) qu\u2019\u00e0 la radio (1,31 %).<\/td>\n<\/tr>\n<tr>\n<td valign=\"top\" width=\"100%\"><strong>R\u00e9partition des th\u00e8mes dans les \u00e9missions de t\u00e9l\u00e9vision<\/strong><\/td>\n<\/tr>\n<tr>\n<td valign=\"top\" width=\"100%\">\n<p align=\"center\"><a href=\"https:\/\/www.cnra.sn\/do\/wp-content\/uploads\/2017\/05\/Avis_1_2017_R_Repartition_Theme.png\"><img decoding=\"async\" loading=\"lazy\" class=\"alignnone size-medium wp-image-1334\" src=\"https:\/\/www.cnra.sn\/do\/wp-content\/uploads\/2017\/05\/Avis_1_2017_R_Repartition_Theme-300x127.png\" alt=\"\" width=\"300\" height=\"127\" srcset=\"https:\/\/www.cnra.sn\/do\/wp-content\/uploads\/2017\/05\/Avis_1_2017_R_Repartition_Theme-300x127.png 300w, https:\/\/www.cnra.sn\/do\/wp-content\/uploads\/2017\/05\/Avis_1_2017_R_Repartition_Theme-370x157.png 370w, https:\/\/www.cnra.sn\/do\/wp-content\/uploads\/2017\/05\/Avis_1_2017_R_Repartition_Theme.png 591w\" sizes=\"(max-width: 300px) 100vw, 300px\" \/><\/a><\/p>\n<\/td>\n<\/tr>\n<tr>\n<td valign=\"top\" width=\"100%\">Les \u00e9missions d\u2019information repr\u00e9sentent 79,3 % des th\u00e9matiques repr\u00e9sent\u00e9es dans le volume des \u00e9missions de t\u00e9l\u00e9vision suivies.<\/td>\n<\/tr>\n<\/tbody>\n<\/table>\n<table style=\"width: 75%;\" border=\"0\" cellspacing=\"0\" cellpadding=\"0\" align=\"center\">\n<tbody>\n<tr>\n<td valign=\"top\" width=\"100%\"><strong>R\u00e9partition des \u00e9missions de t\u00e9l\u00e9vision suivies, selon le format <\/strong><\/td>\n<\/tr>\n<tr>\n<td valign=\"top\" width=\"100%\">\n<p align=\"center\"><a href=\"https:\/\/www.cnra.sn\/do\/wp-content\/uploads\/2017\/05\/Avis_1_2017_R_Repartition_Format.png\"><img decoding=\"async\" loading=\"lazy\" class=\"alignnone size-medium wp-image-1335\" src=\"https:\/\/www.cnra.sn\/do\/wp-content\/uploads\/2017\/05\/Avis_1_2017_R_Repartition_Format-300x115.png\" alt=\"\" width=\"300\" height=\"115\" srcset=\"https:\/\/www.cnra.sn\/do\/wp-content\/uploads\/2017\/05\/Avis_1_2017_R_Repartition_Format-300x115.png 300w, https:\/\/www.cnra.sn\/do\/wp-content\/uploads\/2017\/05\/Avis_1_2017_R_Repartition_Format-370x141.png 370w, https:\/\/www.cnra.sn\/do\/wp-content\/uploads\/2017\/05\/Avis_1_2017_R_Repartition_Format.png 591w\" sizes=\"(max-width: 300px) 100vw, 300px\" \/><\/a><\/p>\n<\/td>\n<\/tr>\n<tr>\n<td valign=\"top\" width=\"100%\">Sur les cha\u00eenes de t\u00e9l\u00e9vision, tout comme \u00e0 la radio, le \u00ab\u00a0Journal\u00a0\u00bb occupe une place importante, avec 69,26 % de l\u2019ensemble des \u00e9missions.<\/td>\n<\/tr>\n<\/tbody>\n<\/table>\n<p>&nbsp;<\/p>\n<div style=\"text-align: justify;\">\n<p><strong>II. <u>DYSFONCTIONNEMENTS ET MANQUEMENTS<\/u><\/strong><br \/>\nAu cours du premier trimestre de l\u2019ann\u00e9e 2017, les dysfonctionnements et manquements constat\u00e9s ont trait aux points ci-dessous \u00e9num\u00e9r\u00e9s, concernant en particulier\u00a0: la place de l\u2019\u00e9thique et de la d\u00e9ontologie, de la protection du jeune public, du pluralisme et de la diversit\u00e9 et, enfin, de la publicit\u00e9.<\/p>\n<p><a href=\"https:\/\/www.cnra.sn\/do\/wp-content\/uploads\/2017\/05\/Avis_1_2017_Violations.png\"><img decoding=\"async\" loading=\"lazy\" class=\"alignnone size-medium wp-image-1340\" src=\"https:\/\/www.cnra.sn\/do\/wp-content\/uploads\/2017\/05\/Avis_1_2017_Violations-300x117.png\" alt=\"\" width=\"300\" height=\"117\" srcset=\"https:\/\/www.cnra.sn\/do\/wp-content\/uploads\/2017\/05\/Avis_1_2017_Violations-300x117.png 300w, https:\/\/www.cnra.sn\/do\/wp-content\/uploads\/2017\/05\/Avis_1_2017_Violations-370x145.png 370w, https:\/\/www.cnra.sn\/do\/wp-content\/uploads\/2017\/05\/Avis_1_2017_Violations.png 650w\" sizes=\"(max-width: 300px) 100vw, 300px\" \/><\/a><\/p>\n<p>&nbsp;<\/p>\n<p><strong>1- \u00c9thique et D\u00e9ontologie (44 %)<\/strong><\/p>\n<p>Concernant l\u2019\u00e9thique et la d\u00e9ontologie, plusieurs manquements ont \u00e9t\u00e9 relev\u00e9s, au cours de ce 1er trimestre de l\u2019ann\u00e9e 2017.<\/p>\n<ul type=\"square\">\n<li>Non-respect de la vie priv\u00e9e, de l&rsquo;honneur et de l&rsquo;int\u00e9grit\u00e9 de la personne humaine.<\/li>\n<\/ul>\n<p><em>L\u2019invit\u00e9 principal d\u2019une \u00e9mission politique diffus\u00e9e \u00e0 la t\u00e9l\u00e9vision dit ouvertement qu\u2019il n\u2019accorde aucun cr\u00e9dit \u00e0 une personnalit\u00e9 qui repr\u00e9sente une haute juridiction de notre pays.<\/em><\/p>\n<ul>\n<li>L&rsquo;\u00e9vocation de th\u00e8mes graves, difficiles et sensibles comme le viol et \u00a0l&rsquo;infanticide, sans pr\u00e9cautions ni compassion. Certains animateurs n\u2019ont cure de l\u2019impact que peut avoir l\u2019\u00e9vocation de sc\u00e8nes ou de situations insoutenables et, sans h\u00e9siter, se livrent \u00e0 des commentaires et\/ou plaisanteries d\u00e9plac\u00e9s, destin\u00e9s au public.<\/li>\n<\/ul>\n<p>&nbsp;<\/p>\n<p><em>Dans une \u00e9mission radiophonique de faits divers, on livre aux auditeurs l\u2019histoire d\u2019une jeune femme accus\u00e9e de relation extra-conjugale et de grossesse, sans preuve de sa culpabilit\u00e9 ni pr\u00e9cisions sur le d\u00e9roulement des faits, sans tenir compte des cons\u00e9quences psychologiques que pourraient avoir, sur elle ou sur ses proches, ces d\u00e9clarations concernant sa vie priv\u00e9e.<\/em><\/p>\n<ul>\n<li>Incitation \u00e0 des pratiques ou comportements d\u00e9linquants ou inciviques.<\/li>\n<\/ul>\n<p>&nbsp;<\/p>\n<p><em>Lors d\u2019une \u00e9mission \u00ab\u00a0matinale\u00a0\u00bb, certains participants appellent \u00e0 la justice populaire contre les personnes accus\u00e9es d\u2019agressions physiques envers les populations. <\/em><\/p>\n<ul>\n<li>Non-respect de la pr\u00e9somption d&rsquo;innocence.<\/li>\n<\/ul>\n<p>&nbsp;<\/p>\n<p><em>Une personnalit\u00e9 invit\u00e9e sur un plateau de t\u00e9l\u00e9vision qui traite un homme public de \u00ab\u00a0voleur\u00a0\u00bb sans aucune retenue alors que l\u2019affaire concernant celui-ci est encore pendante devant la justice.<\/em><\/p>\n<p>&nbsp;<\/p>\n<p><strong>2. Enfance &amp; Adolescence (32 %)<\/strong><\/p>\n<p>&nbsp;<\/p>\n<ul>\n<li>Programmation \u00e0 des heures indues de contenus \u00e0\u00a0 caract\u00e8re violent et\/ou inappropri\u00e9 sans signal\u00e9tique. L\u2019\u00e9vocation de la drogue, du suicide, de l&rsquo;inceste, de la violence conjugale, de la violence envers les enfants, les infanticides, les meurtres, les actes sexuels.<\/li>\n<\/ul>\n<p><em>Certains programmes audiovisuels pouvant troubler les enfants de -12 ans, ne doivent pas \u00eatre diffus\u00e9s avant 22h, notamment lorsque le sc\u00e9nario recourt \u00e0 la violence physique ou psychologique, \u00e0 la repr\u00e9sentation d\u2019actes sexuels.<\/em><\/p>\n<p>&nbsp;<\/p>\n<p><strong>3. Pluralisme et diversit\u00e9 (4%)<\/strong><\/p>\n<p>&nbsp;<\/p>\n<ul>\n<li>Non-respect de l&rsquo;\u00e9quilibre dans le traitement de l&rsquo;information.<\/li>\n<\/ul>\n<p><em>Lorsque l\u2019on met en doute la moralit\u00e9 ou l\u2019honn\u00eatet\u00e9 d\u2019un tiers, celui-ci doit avoir la possibilit\u00e9 de d\u00e9fendre, par les m\u00eames canaux \u00a0, son int\u00e9grit\u00e9 ou sa r\u00e9putation. <\/em><\/p>\n<ul>\n<li>Non-respect du pluralisme de l\u2019expression des courants de pens\u00e9e et d\u2019opinion, de l\u2019acc\u00e8s pluraliste des formations politiques, des syndicats et des organisations de la soci\u00e9t\u00e9 civile \u00e0 l\u2019antenne.<\/li>\n<\/ul>\n<p>&nbsp;<\/p>\n<p><em>\u00c0 l\u2019occasion de la retransmission en direct d\u2019une journ\u00e9e de lutte, un animateur-commentateur s\u2019est servi du plateau comme tribune, pour relayer des propos personnels, faire valoir ses sentiments sur des sujets \u00e0 caract\u00e8re politico-judiciaire concernant des hommes politiques.<\/em><\/p>\n<p>&nbsp;<\/p>\n<p><strong>4. Publicit\u00e9 (20 %)<\/strong><\/p>\n<ul>\n<li>Non-conformit\u00e9 aux exigences de v\u00e9rit\u00e9, de d\u00e9cence, de respect de la personne humaine et de sauvegarde de la sant\u00e9 des populations.<\/li>\n<\/ul>\n<p>&nbsp;<\/p>\n<p><em>La persistance de la publicit\u00e9 mensong\u00e8re qui, au profit de soi-disant \u00a0gu\u00e9risseurs, de professionnels de la voyance, viole la loi n\u00b0 83-20 du 28 janvier 1983 relative \u00e0 la publicit\u00e9.<\/em><br \/>\n<em>La persistance de la publicit\u00e9 incitant \u00e0 l\u2019usage de produits destin\u00e9s \u00e0 la d\u00e9pigmentation (\u00e9claircissants et \u00ab\u00a0blanchissants\u00a0\u00bb).<\/em><\/p>\n<div style=\"text-align: right;\"><\/div>\n<div style=\"text-align: justify;\">\n<p><strong>II. <u>RECOMMANDATIONS<\/u><\/strong><br \/>\nFace \u00e0 de tels \u00a0manquements, qui constituent une violation des dispositions des textes l\u00e9gislatifs, r\u00e9glementaires et des cahiers des charges en vigueur au S\u00e9n\u00e9gal dans le domaine de l\u2019audiovisuel, le Conseil national de R\u00e9gulation de l\u2019Audiovisuel fait les recommandations \u00e9num\u00e9r\u00e9s ci-dessous.<\/p>\n<p>&nbsp;<\/p>\n<ul>\n<li>Observer \u00a0strictement <strong>les r\u00e8gles d\u2019\u00e9thique et de\u00a0 d\u00e9ontologie dans le traitement de l\u2019information.<\/strong> Concernant les revues de presse, le CNRA insiste sur le respect strict des institutions de la R\u00e9publique.<\/li>\n<\/ul>\n<ul>\n<li>Veiller \u00e0 respecter u<strong>ne pr\u00e9sentation honn\u00eate<\/strong>, <strong>impartiale et objective des questions<\/strong> et sujets trait\u00e9s et assurer l\u2019expression des diff\u00e9rents points de vue.<\/li>\n<\/ul>\n<p>&nbsp;<\/p>\n<ul>\n<li><strong>Arr\u00eater la diffusion de sc\u00e8nes de violence<\/strong> aux heures de grande \u00e9coute. La mise en place de comit\u00e9s internes de visionnage au niveau des t\u00e9l\u00e9visions \u00a0est une obligation pour \u00e9viter les sc\u00e8nes de violence et les images obsc\u00e8nes dans les films et clips diffus\u00e9s.<\/li>\n<\/ul>\n<ul>\n<li>Veiller \u00e0 l\u2019\u00e9quilibre dans le traitement de l\u2019information, dans le strict respect du pluralisme et de la diversit\u00e9.<\/li>\n<\/ul>\n<p>&nbsp;<\/p>\n<ul>\n<li><strong>Veiller au respect des dispositions des lois, r\u00e8glements et cahiers des charges<\/strong> interdisant la <strong>publicit\u00e9<\/strong> servant les int\u00e9r\u00eats de soi-disant \u00a0gu\u00e9risseurs et, plus globalement, \u00e0 la conformit\u00e9 des messages publicitaires aux exigences de v\u00e9rit\u00e9, de d\u00e9cence, de protection des consommateurs et des couches vuln\u00e9rables, de m\u00eame qu\u2019au souci de la sant\u00e9 des populations en ce qui concerne la publicit\u00e9 des produits destin\u00e9s \u00e0 la d\u00e9pigmentation.<\/li>\n<\/ul>\n<ul>\n<li><strong>S\u2019assurer de l\u2019int\u00e9grit\u00e9 technique et\u00a0 de la s\u00e9curit\u00e9 fonctionnelle de l\u2019ensemble des installations de diffusion audiovisuelle<\/strong> exploit\u00e9es chez chaque <strong>\u00e9diteur audiovisuel,<\/strong> concernant notamment\u00a0:<\/li>\n<\/ul>\n<p>&nbsp;<\/p>\n<ul>\n<li style=\"list-style-type: none;\">\n<ul>\n<li>l\u2019acheminement des signaux de l\u2019ensemble des \u00e9diteurs de t\u00e9l\u00e9vision vers le centre multiplexage ;<\/li>\n<li>les conditions du transport des faisceaux hertziens vers les \u00e9metteurs analogiques encore en cours d\u2019exploitation.<\/li>\n<\/ul>\n<\/li>\n<\/ul>\n<\/div>\n<div style=\"text-align: right;\">\n<p><strong><u>Le Coll\u00e8ge des Conseillers du CNRA<\/u><\/strong><\/p>\n<p>&nbsp;<\/p>\n<\/div>\n<\/div>\n<div style=\"text-align: right;\">\n<p>&nbsp;<\/p>\n<\/div>\n<div style=\"text-align: left;\"><a href=\"https:\/\/gallery.mailchimp.com\/d17838eedbd4e70a7c23359f9\/files\/1d4077bb-c509-4dae-aa14-2a2890a1fc86\/AVIS_TRIMESTRIEL_N_004_2016__09_FEVRIER_2017.pdf\" target=\"_blank\" rel=\"noopener noreferrer\">T\u00e9l\u00e9charger la version PDF<\/a><\/div>\n<p>_______________<\/p>\n<p>T\u00e9l : 33 849 52 52<br \/>\nFax : 33 821 86 14<\/p>\n<p>contact@cnra.sn<br \/>\nwww.cnra.sn<\/p>\n<\/div>\n","protected":false},"excerpt":{"rendered":"<p>A l\u2019aune de la lib\u00e9ralisation de l\u2019audiovisuel, tout inventaire objectif des initiatives d\u00e9montrerait un d\u00e9sordre g\u00e9n\u00e9ralis\u00e9, pourvoyeur de situations inextricables. L\u2019absence de planification pr\u00e9alable pour optimiser la mise en valeur de notre spectre, aussi, l\u2019inexistence d\u2019une politique structurante pour guider les conditions d\u2019attribution et d\u2019exploitation des fr\u00e9quences, ont provoqu\u00e9 de fortes incertitudes qui perturbent l\u2019environnement [&hellip;]<\/p>\n","protected":false},"author":1,"featured_media":0,"comment_status":"closed","ping_status":"closed","sticky":false,"template":"","format":"standard","meta":{"_exactmetrics_skip_tracking":false,"_exactmetrics_sitenote_active":false,"_exactmetrics_sitenote_note":"","_exactmetrics_sitenote_category":0},"categories":[78],"tags":[],"_links":{"self":[{"href":"https:\/\/www.cnra.sn\/do\/wp-json\/wp\/v2\/posts\/1329"}],"collection":[{"href":"https:\/\/www.cnra.sn\/do\/wp-json\/wp\/v2\/posts"}],"about":[{"href":"https:\/\/www.cnra.sn\/do\/wp-json\/wp\/v2\/types\/post"}],"author":[{"embeddable":true,"href":"https:\/\/www.cnra.sn\/do\/wp-json\/wp\/v2\/users\/1"}],"replies":[{"embeddable":true,"href":"https:\/\/www.cnra.sn\/do\/wp-json\/wp\/v2\/comments?post=1329"}],"version-history":[{"count":3,"href":"https:\/\/www.cnra.sn\/do\/wp-json\/wp\/v2\/posts\/1329\/revisions"}],"predecessor-version":[{"id":1341,"href":"https:\/\/www.cnra.sn\/do\/wp-json\/wp\/v2\/posts\/1329\/revisions\/1341"}],"wp:attachment":[{"href":"https:\/\/www.cnra.sn\/do\/wp-json\/wp\/v2\/media?parent=1329"}],"wp:term":[{"taxonomy":"category","embeddable":true,"href":"https:\/\/www.cnra.sn\/do\/wp-json\/wp\/v2\/categories?post=1329"},{"taxonomy":"post_tag","embeddable":true,"href":"https:\/\/www.cnra.sn\/do\/wp-json\/wp\/v2\/tags?post=1329"}],"curies":[{"name":"wp","href":"https:\/\/api.w.org\/{rel}","templated":true}]}}